{"id":29237,"date":"2021-01-05T15:23:55","date_gmt":"2021-01-05T18:23:55","guid":{"rendered":"https:\/\/sectorprensa.com.ar\/?p=29237"},"modified":"2021-01-05T15:23:55","modified_gmt":"2021-01-05T18:23:55","slug":"ituzaingo-suspendio-la-temporada-de-colonias-de-verano","status":"publish","type":"post","link":"https:\/\/sectorprensa.com.ar\/?p=29237","title":{"rendered":"ITUZAING\u00d3 SUSPENDI\u00d3 LA TEMPORADA DE COLONIAS DE VERANO"},"content":{"rendered":"<h6><strong>La decisi\u00f3n municipal se da por el rebrote de coronavirus y el aumento de casos diarios. Se busca evitar las aglomeraciones.<\/strong><\/h6>\n<p><!--more--><\/p>\n<p>Ante el preocupante aumento de casos positivos de COVID-19 que se est\u00e1 reflejando en todo el pa\u00eds, las autoridades municipales tomaron la dif\u00edcil determinaci\u00f3n de suspender la temporada de Colonias de Verano 2021.<\/p>\n<p>La colonia, a la que cada a\u00f1o asisten ni\u00f1os, ni\u00f1as, adolescentes, personas con discapacidad y adultos mayores de todo el distrito, forma parte de un programa local que tiene como objetivo fomentar la inclusi\u00f3n y la recreaci\u00f3n de los vecinos y vecinas.<\/p>\n<blockquote class=\"wp-embedded-content\" data-secret=\"lW2Qek4NYp\"><p><a href=\"https:\/\/sectorprensa.com.ar\/ituzaingo-invitan-a-los-vecinos-a-exponer-su-arte\/\">ITUZAING\u00d3: INVITAN A LOS VECINOS A EXPONER SU ARTE<\/a><\/p><\/blockquote>\n<p><iframe loading=\"lazy\" class=\"wp-embedded-content\" sandbox=\"allow-scripts\" security=\"restricted\" style=\"position: absolute; clip: rect(1px, 1px, 1px, 1px);\" title=\"&#8220;ITUZAING\u00d3: INVITAN A LOS VECINOS A EXPONER SU ARTE&#8221; &#8212; SECTOR PRENSA\" src=\"https:\/\/sectorprensa.com.ar\/ituzaingo-invitan-a-los-vecinos-a-exponer-su-arte\/embed\/#?secret=lW2Qek4NYp\" data-secret=\"lW2Qek4NYp\" width=\"600\" height=\"338\" frameborder=\"0\" marginwidth=\"0\" marginheight=\"0\" scrolling=\"no\"><\/iframe><\/p>\n<p>Esta triste determinaci\u00f3n nace con el objetivo de preservar la salud de la comunidad, desalentar la aglomeraci\u00f3n de personas y prevenir el aumento de contagios en el distrito.<\/p>\n<p>Para evitar la propagaci\u00f3n del coronavirus es fundamental continuar cumpliendo las medidas de prevenci\u00f3n, como lo es el uso de tapabocas, la distancia social y la frecuente higiene de manos.<\/p>\n","protected":false},"excerpt":{"rendered":"<p>La decisi\u00f3n municipal se da por el rebrote de coronavirus y el aumento de casos diarios. Se busca evitar las<\/p>\n","protected":false},"author":1,"featured_media":29238,"comment_status":"open","ping_status":"open","sticky":false,"template":"","format":"standard","meta":{"colormag_page_container_layout":"default_layout","colormag_page_sidebar_layout":"default_layout","footnotes":""},"categories":[17,4,1173,10],"tags":[4878,49,4312],"class_list":["post-29237","post","type-post","status-publish","format-standard","has-post-thumbnail","hentry","category-destacadas","category-ituzaingo","category-municipales","category-sociedad","tag-colonias-de-verano","tag-ituzaingo","tag-pandemia"],"_links":{"self":[{"href":"https:\/\/sectorprensa.com.ar\/index.php?rest_route=\/wp\/v2\/posts\/29237","targetHints":{"allow":["GET"]}}],"collection":[{"href":"https:\/\/sectorprensa.com.ar\/index.php?rest_route=\/wp\/v2\/posts"}],"about":[{"href":"https:\/\/sectorprensa.com.ar\/index.php?rest_route=\/wp\/v2\/types\/post"}],"author":[{"embeddable":true,"href":"https:\/\/sectorprensa.com.ar\/index.php?rest_route=\/wp\/v2\/users\/1"}],"replies":[{"embeddable":true,"href":"https:\/\/sectorprensa.com.ar\/index.php?rest_route=%2Fwp%2Fv2%2Fcomments&post=29237"}],"version-history":[{"count":1,"href":"https:\/\/sectorprensa.com.ar\/index.php?rest_route=\/wp\/v2\/posts\/29237\/revisions"}],"predecessor-version":[{"id":29239,"href":"https:\/\/sectorprensa.com.ar\/index.php?rest_route=\/wp\/v2\/posts\/29237\/revisions\/29239"}],"wp:featuredmedia":[{"embeddable":true,"href":"https:\/\/sectorprensa.com.ar\/index.php?rest_route=\/wp\/v2\/media\/29238"}],"wp:attachment":[{"href":"https:\/\/sectorprensa.com.ar\/index.php?rest_route=%2Fwp%2Fv2%2Fmedia&parent=29237"}],"wp:term":[{"taxonomy":"category","embeddable":true,"href":"https:\/\/sectorprensa.com.ar\/index.php?rest_route=%2Fwp%2Fv2%2Fcategories&post=29237"},{"taxonomy":"post_tag","embeddable":true,"href":"https:\/\/sectorprensa.com.ar\/index.php?rest_route=%2Fwp%2Fv2%2Ftags&post=29237"}],"curies":[{"name":"wp","href":"https:\/\/api.w.org\/{rel}","templated":true}]}}