{"id":29273,"date":"2021-01-08T16:07:48","date_gmt":"2021-01-08T19:07:48","guid":{"rendered":"https:\/\/sectorprensa.com.ar\/?p=29273"},"modified":"2021-01-08T16:07:48","modified_gmt":"2021-01-08T19:07:48","slug":"moron-presentaron-el-programa-dia-verde","status":"publish","type":"post","link":"https:\/\/sectorprensa.com.ar\/?p=29273","title":{"rendered":"MOR\u00d3N: PRESENTARON EL PROGRAMA D\u00cdA VERDE"},"content":{"rendered":"<h6><strong>Es el programa de recolecci\u00f3n diferenciada que ya se lleva adelante en zonas de El Palomar, Villa Sarmiento y Mor\u00f3n sur; y contin\u00faa extendi\u00e9ndose de manera paulatina por todo el distrito.<\/strong><\/h6>\n<p><!--more--><\/p>\n<p>El intendente Lucas Ghi comparti\u00f3 junto a la presidenta del CEAMSE, M\u00f3nica Cappellini y el director de Gesti\u00f3n Integral de Residuos S\u00f3lidos de ACUMAR, Ricardo Rollandi, la presentaci\u00f3n oficial del programa de recolecci\u00f3n diferenciada D\u00eda Verde que se realiz\u00f3 en el Ecopunto GIRSU (Gesti\u00f3n Integral de Residuos S\u00f3lidos Urbanos) de Mor\u00f3n.<\/p>\n<p>Esta iniciativa, que se implement\u00f3 antes del 2015, volvi\u00f3 a ponerse en funcionamiento hace m\u00e1s de un mes y se extiende de manera paulatina en el distrito. La misma, est\u00e1 basada en un esquema de recolecci\u00f3n de residuos reciclables, que se realiza los d\u00edas mi\u00e9rcoles donde solo se recogen residuos como papel, pl\u00e1stico, vidrio y metales; por lo que no se deber\u00e1 sacar la basura ordinaria (restos de comida, pa\u00f1ales descartables, yerba, o cualquier residuo h\u00famedo).<\/p>\n<p>Cabe destacar que esta pol\u00edtica contempla a las cooperativas de trabajo del distrito que realizan la categorizaci\u00f3n y comercializaci\u00f3n de estos materiales reciclables. En ese marco, durante el acto, se realiz\u00f3 la entrega de un kit de insumos para los trabajadores y trabajadoras de las cooperativas, compuesto por antiparras, barbijos, overoles, guantes de goma, botines de seguridad, bolsas big bag y chaleco de visibilidad.<\/p>\n<blockquote class=\"wp-embedded-content\" data-secret=\"6CggPWheX0\"><p><a href=\"https:\/\/sectorprensa.com.ar\/el-municipio-de-moron-clausuro-una-fiesta-clandestina-en-el-estacionamiento-de-un-hipermercado\/\">EL MUNICIPIO DE MOR\u00d3N CLAUSUR\u00d3 UNA FIESTA CLANDESTINA EN EL ESTACIONAMIENTO DE UN HIPERMERCADO<\/a><\/p><\/blockquote>\n<p><iframe loading=\"lazy\" class=\"wp-embedded-content\" sandbox=\"allow-scripts\" security=\"restricted\" style=\"position: absolute; clip: rect(1px, 1px, 1px, 1px);\" title=\"&#8220;EL MUNICIPIO DE MOR\u00d3N CLAUSUR\u00d3 UNA FIESTA CLANDESTINA EN EL ESTACIONAMIENTO DE UN HIPERMERCADO&#8221; &#8212; SECTOR PRENSA\" src=\"https:\/\/sectorprensa.com.ar\/el-municipio-de-moron-clausuro-una-fiesta-clandestina-en-el-estacionamiento-de-un-hipermercado\/embed\/#?secret=6CggPWheX0\" data-secret=\"6CggPWheX0\" width=\"600\" height=\"338\" frameborder=\"0\" marginwidth=\"0\" marginheight=\"0\" scrolling=\"no\"><\/iframe><\/p>\n<p>Tras finalizar el acto, el intendente expres\u00f3: \u201cNos propusimos planificar esto de manera conjunta y hace ya varias semanas viene sucediendo. Cada semana se incorpora un circuito nuevo de la recolecci\u00f3n de residuos en nuestra ciudad y cada circuito que se incorpora son cientos de familias que deciden dar este paso que es fundamental. Es dejar de hacer algo que hist\u00f3ricamente se hizo, que es desechar todo junto y empezar a separar\u201d.<\/p>\n<p>En ese marco, la presidenta del CEAMSE destac\u00f3 que \u201cla importancia es absoluta porque nosotros estamos logrando que lleguen al parque que tiene el CEAMSE, el material con el que tiene que trabajar. La separaci\u00f3n es importante porque les da m\u00e1s recursos a los trabajadores, dignifica sus tareas y me parece que es lo que vamos a empezar a mostrar en todos los municipios, que se puede hacer. Hay mucha idea de que no se puede hacer pre-selecci\u00f3n domiciliaria y ustedes est\u00e1n demostrando que se puede\u201d.<\/p>\n<p>Actualmente, el programa se implementa con normalidad en aproximadamente 10 cuadros del territorio de Mor\u00f3n, comprendidos en las zonas de Villa Sarmiento, El Palomar y Mor\u00f3n sur, donde hasta el d\u00eda de hoy se ha recolectado y recuperado m\u00e1s de 80 mil kilos de residuos.<\/p>\n<blockquote class=\"wp-embedded-content\" data-secret=\"nbzaXm62EC\"><p><a href=\"https:\/\/sectorprensa.com.ar\/coronavirus-mediante-un-0800-y-las-ugc-moron-asiste-a-los-vecinos-en-la-preinscripcion-para-recibir-la-vacuna\/\">CORONAVIRUS: MEDIANTE UN 0800 Y LAS UGC, MOR\u00d3N ASISTE A LOS VECINOS EN LA PREINSCRIPCI\u00d3N PARA RECIBIR LA VACUNA<\/a><\/p><\/blockquote>\n<p><iframe loading=\"lazy\" class=\"wp-embedded-content\" sandbox=\"allow-scripts\" security=\"restricted\" style=\"position: absolute; clip: rect(1px, 1px, 1px, 1px);\" title=\"&#8220;CORONAVIRUS: MEDIANTE UN 0800 Y LAS UGC, MOR\u00d3N ASISTE A LOS VECINOS EN LA PREINSCRIPCI\u00d3N PARA RECIBIR LA VACUNA&#8221; &#8212; SECTOR PRENSA\" src=\"https:\/\/sectorprensa.com.ar\/coronavirus-mediante-un-0800-y-las-ugc-moron-asiste-a-los-vecinos-en-la-preinscripcion-para-recibir-la-vacuna\/embed\/#?secret=nbzaXm62EC\" data-secret=\"nbzaXm62EC\" width=\"600\" height=\"338\" frameborder=\"0\" marginwidth=\"0\" marginheight=\"0\" scrolling=\"no\"><\/iframe><\/p>\n<p>Para el mes de marzo, se estima que este servicio llegar\u00e1 a cubrir todo el partido de Mor\u00f3n, cuando se termine de recorrer e informar a los vecinos y vecinas de ese sector.<\/p>\n<p>En ese sentido, desde diciembre, m\u00e1s de 40 promotores y promotoras acompa\u00f1an con campa\u00f1as de concientizaci\u00f3n para la comunidad, informando a cada vecino y vecina sobre su implementaci\u00f3n, los d\u00edas y c\u00f3mo hacerlo.<\/p>\n<p>Tambi\u00e9n estuvieron presentes, los secretarios municipales de Planificaci\u00f3n Estrat\u00e9gica, Pablo Itzcovich; de Desarrollo Territorial y Relaciones con la Comunidad, Mariano Spina; de Obras y Servicios P\u00fablicos, Claudio Rom\u00e1n; la directora de Pol\u00edticas Ambientales, Virginia Passo; la concejala Fernanda Monteros y el concejal Marcelo Gonz\u00e1lez; recolectores y promotores y promotoras de GIRSU y las cooperativas Nuevamente, Abuela Naturaleza y J\u00f3venes por el Clima Conurbano.<\/p>\n","protected":false},"excerpt":{"rendered":"<p>Es el programa de recolecci\u00f3n diferenciada que ya se lleva adelante en zonas de El Palomar, Villa Sarmiento y Mor\u00f3n<\/p>\n","protected":false},"author":1,"featured_media":29274,"comment_status":"open","ping_status":"open","sticky":false,"template":"","format":"standard","meta":{"colormag_page_container_layout":"default_layout","colormag_page_sidebar_layout":"default_layout","footnotes":""},"categories":[17,5,1173],"tags":[652,19],"class_list":["post-29273","post","type-post","status-publish","format-standard","has-post-thumbnail","hentry","category-destacadas","category-moron","category-municipales","tag-ceamse","tag-moron"],"_links":{"self":[{"href":"https:\/\/sectorprensa.com.ar\/index.php?rest_route=\/wp\/v2\/posts\/29273","targetHints":{"allow":["GET"]}}],"collection":[{"href":"https:\/\/sectorprensa.com.ar\/index.php?rest_route=\/wp\/v2\/posts"}],"about":[{"href":"https:\/\/sectorprensa.com.ar\/index.php?rest_route=\/wp\/v2\/types\/post"}],"author":[{"embeddable":true,"href":"https:\/\/sectorprensa.com.ar\/index.php?rest_route=\/wp\/v2\/users\/1"}],"replies":[{"embeddable":true,"href":"https:\/\/sectorprensa.com.ar\/index.php?rest_route=%2Fwp%2Fv2%2Fcomments&post=29273"}],"version-history":[{"count":1,"href":"https:\/\/sectorprensa.com.ar\/index.php?rest_route=\/wp\/v2\/posts\/29273\/revisions"}],"predecessor-version":[{"id":29275,"href":"https:\/\/sectorprensa.com.ar\/index.php?rest_route=\/wp\/v2\/posts\/29273\/revisions\/29275"}],"wp:featuredmedia":[{"embeddable":true,"href":"https:\/\/sectorprensa.com.ar\/index.php?rest_route=\/wp\/v2\/media\/29274"}],"wp:attachment":[{"href":"https:\/\/sectorprensa.com.ar\/index.php?rest_route=%2Fwp%2Fv2%2Fmedia&parent=29273"}],"wp:term":[{"taxonomy":"category","embeddable":true,"href":"https:\/\/sectorprensa.com.ar\/index.php?rest_route=%2Fwp%2Fv2%2Fcategories&post=29273"},{"taxonomy":"post_tag","embeddable":true,"href":"https:\/\/sectorprensa.com.ar\/index.php?rest_route=%2Fwp%2Fv2%2Ftags&post=29273"}],"curies":[{"name":"wp","href":"https:\/\/api.w.org\/{rel}","templated":true}]}}