{"id":29286,"date":"2021-01-10T09:22:05","date_gmt":"2021-01-10T12:22:05","guid":{"rendered":"https:\/\/sectorprensa.com.ar\/?p=29286"},"modified":"2021-01-10T09:22:05","modified_gmt":"2021-01-10T12:22:05","slug":"moreno-capturaron-a-sujeto-que-violo-a-su-hijastra-de-2-anos","status":"publish","type":"post","link":"https:\/\/sectorprensa.com.ar\/?p=29286","title":{"rendered":"MORENO: CAPTURARON A SUJETO QUE VIOL\u00d3 A SU HIJASTRA DE 2 A\u00d1OS"},"content":{"rendered":"<h6><strong>La mujer de la v\u00edctima realiz\u00f3 la denuncia policial y los efectivos atraparon al hombre, que hab\u00eda escapado corriendo de la casa tras lo sucedido.\u00a0<\/strong><\/h6>\n<p><!--more--><\/p>\n<p>Un individuo fue detenido por los efectivos policiales acusado de haber violado a su hijastra de 2 a\u00f1os en un dram\u00e1tico suceso que se registr\u00f3 en Moreno. El tremendo caso hab\u00eda sido denunciado por la madre de la menor de edad, quien sorprendi\u00f3 al hombre mientras abusaba de la peque\u00f1a.<\/p>\n<p>El sujeto fue apresado como saldo de un allanamiento que se realiz\u00f3 en una finca situada en Ricardo Guti\u00e9rrez al 6000. La violaci\u00f3n hab\u00eda sido denunciada por la progenitora de la infortunada v\u00edctima, de 23 a\u00f1os. La mujer se\u00f1al\u00f3 que, a las 23 del jueves pasado, hab\u00eda sorprendido a su concubino, de 25, mientras abusaba sexualmente de la nena en el interior del domicilio familiar, ubicado en Tablada al 6900. Consternada, la comenz\u00f3 a gritar y el individuo huy\u00f3, luego de tomar algunos objetos de la vivienda.<\/p>\n<p>Autoridades de la Superintendencia General de Investigaciones en Funci\u00f3n Judicial de la Polic\u00eda de la Provincia de Buenos Aires se encargaron de supervisar los diferentes procedimientos. Intervinieron en la causa, que fue caratulada \u00abAbuso sexual agravado, por el estado de indefensi\u00f3n de la v\u00edctima y por ser lugar de convivencia\u00bb, la fiscal Carina Vanesa Saucedo y la magistrada Mar\u00eda Celina Ardohain, titular del Juzgado de Garant\u00edas N\u00b0 3, ambas pertenecientes a los tribunales de Moreno &#8211; General Rodr\u00edguez.<\/p>\n<blockquote class=\"wp-embedded-content\" data-secret=\"MwauR26xtD\"><p><a href=\"https:\/\/sectorprensa.com.ar\/moreno-detuvieron-a-pai-umbanda-por-violacion\/\">MORENO: DETUVIERON A PAI UMBANDA POR VIOLACI\u00d3N<\/a><\/p><\/blockquote>\n<p><iframe loading=\"lazy\" class=\"wp-embedded-content\" sandbox=\"allow-scripts\" security=\"restricted\" style=\"position: absolute; clip: rect(1px, 1px, 1px, 1px);\" title=\"&#8220;MORENO: DETUVIERON A PAI UMBANDA POR VIOLACI\u00d3N&#8221; &#8212; SECTOR PRENSA\" src=\"https:\/\/sectorprensa.com.ar\/moreno-detuvieron-a-pai-umbanda-por-violacion\/embed\/#?secret=MwauR26xtD\" data-secret=\"MwauR26xtD\" width=\"600\" height=\"338\" frameborder=\"0\" marginwidth=\"0\" marginheight=\"0\" scrolling=\"no\"><\/iframe><\/p>\n","protected":false},"excerpt":{"rendered":"<p>La mujer de la v\u00edctima realiz\u00f3 la denuncia policial y los efectivos atraparon al hombre, que hab\u00eda escapado corriendo de<\/p>\n","protected":false},"author":1,"featured_media":29287,"comment_status":"open","ping_status":"open","sticky":false,"template":"","format":"standard","meta":{"colormag_page_container_layout":"default_layout","colormag_page_sidebar_layout":"default_layout","footnotes":""},"categories":[17,2154,12],"tags":[570,437,1861],"class_list":["post-29286","post","type-post","status-publish","format-standard","has-post-thumbnail","hentry","category-destacadas","category-moreno","category-policiales","tag-detenido","tag-moreno","tag-violador"],"_links":{"self":[{"href":"https:\/\/sectorprensa.com.ar\/index.php?rest_route=\/wp\/v2\/posts\/29286","targetHints":{"allow":["GET"]}}],"collection":[{"href":"https:\/\/sectorprensa.com.ar\/index.php?rest_route=\/wp\/v2\/posts"}],"about":[{"href":"https:\/\/sectorprensa.com.ar\/index.php?rest_route=\/wp\/v2\/types\/post"}],"author":[{"embeddable":true,"href":"https:\/\/sectorprensa.com.ar\/index.php?rest_route=\/wp\/v2\/users\/1"}],"replies":[{"embeddable":true,"href":"https:\/\/sectorprensa.com.ar\/index.php?rest_route=%2Fwp%2Fv2%2Fcomments&post=29286"}],"version-history":[{"count":1,"href":"https:\/\/sectorprensa.com.ar\/index.php?rest_route=\/wp\/v2\/posts\/29286\/revisions"}],"predecessor-version":[{"id":29288,"href":"https:\/\/sectorprensa.com.ar\/index.php?rest_route=\/wp\/v2\/posts\/29286\/revisions\/29288"}],"wp:featuredmedia":[{"embeddable":true,"href":"https:\/\/sectorprensa.com.ar\/index.php?rest_route=\/wp\/v2\/media\/29287"}],"wp:attachment":[{"href":"https:\/\/sectorprensa.com.ar\/index.php?rest_route=%2Fwp%2Fv2%2Fmedia&parent=29286"}],"wp:term":[{"taxonomy":"category","embeddable":true,"href":"https:\/\/sectorprensa.com.ar\/index.php?rest_route=%2Fwp%2Fv2%2Fcategories&post=29286"},{"taxonomy":"post_tag","embeddable":true,"href":"https:\/\/sectorprensa.com.ar\/index.php?rest_route=%2Fwp%2Fv2%2Ftags&post=29286"}],"curies":[{"name":"wp","href":"https:\/\/api.w.org\/{rel}","templated":true}]}}