{"id":29334,"date":"2021-01-13T00:49:29","date_gmt":"2021-01-13T03:49:29","guid":{"rendered":"https:\/\/sectorprensa.com.ar\/?p=29334"},"modified":"2021-01-13T00:49:29","modified_gmt":"2021-01-13T03:49:29","slug":"luna-llena-en-el-sacaan","status":"publish","type":"post","link":"https:\/\/sectorprensa.com.ar\/?p=29334","title":{"rendered":"LUNA LLENA EN EL SACAAN"},"content":{"rendered":"<h6><strong>Con un doblete de \u00c1ngel Luna y un gol de Alejandro Ben\u00edtez, Ituzaing\u00f3 le gan\u00f3 al CAVA por 3 a 1 y llega con esperanza de clasificar al reducido en la \u00faltima jornada ante Central C\u00f3rdoba de Rosario.<\/strong><\/h6>\n<p><!--more--><\/p>\n<p>En el Carlos Sacaan por la fecha 5 del Torneo Transici\u00f3n, se enfrentaron el local y Victoriano Arenas, por un lugar en el octogonal final. Ituzaing\u00f3 lleg\u00f3 a este compromiso con una victoria ante Berazategui por 1 a 0 jugado el 27 de diciembre del a\u00f1o pasado, mientras que los de Valent\u00edn Alsina cay\u00f3 en su estadio ante \u201cSanma\u201d, por 1 a 0.<\/p>\n<p>El partido arranc\u00f3 parejo, no se sacaron ventaja en los primeros minutos y fue de mucha lucha en el mediocampo. El Verde casi se puso arriba en los pies de \u00c1ngel Stringa, pero el remate dio en el palo, luego pag\u00f3 muy caro una desatenci\u00f3n y de un lateral vino la apertura del marcador para el CAVA por medio de Gabriel Toloza a los 33 minutos. Ituzaing\u00f3 no pudo revertir, y se fue al descanso perdiendo 1 a 0.<\/p>\n<p>En la segunda mitad, el entrenador meti\u00f3 mano y con el ingreso de Kevin L\u00f3pez Arroyo y la ubicaci\u00f3n de Luna le dieron al equipo el juego y la peligrosidad para dar vuelta el resultado. Fueron 25 minutos muy buenos, donde pas\u00f3 a ganar con dos tantos del 10 (Bebu Luna que fue la figura del partido) y m\u00e1s tarde lo liquid\u00f3 con el gol de Alejandro Ben\u00edtez, que puso el 3 a 1 definitivo y le dio al equipo del Oeste aire para lo que viene.<\/p>\n<p>En resumen, despu\u00e9s de un primer tiempo muy flojo, el equipo de N\u00e9stor Ferraresi lo pudo dar vuelta en la segunda mitad, cambiando la actitud y generando todo lo que falt\u00f3 en la primera parte.<\/p>\n<p>De esta forma, Ituzaing\u00f3 va con esperanza a Rosario para enfrentarse a Central C\u00f3rdoba en busca de la clasificaci\u00f3n al reducido. Con un triunfo del Verde, y una ca\u00edda o empate de San Mart\u00edn de Burzaco, que enfrenta a Berazategui en el Sur, se clasifica al octogonal.<\/p>\n<p>&nbsp;<\/p>\n<blockquote class=\"twitter-tweet\">\n<p dir=\"ltr\" lang=\"es\">?\ufe0f?\ufe0f \u00abDependemos de nosotros y vamos a ir con todo a buscar los tres puntos a Rosario\u00bb.<\/p>\n<p>?\ufe0f Tom\u00e1s Figueroa y Brian Risso Patr\u00f3n hablaron despu\u00e9s de la remontada ante Victoriano Arenas.<\/p>\n<p>? <a href=\"https:\/\/twitter.com\/hashtag\/SomosItuzaing%C3%B3?src=hash&amp;ref_src=twsrc%5Etfw\">#SomosItuzaing\u00f3<\/a> <a href=\"https:\/\/t.co\/E43q7Fqwb7\">pic.twitter.com\/E43q7Fqwb7<\/a><\/p>\n<p>\u2014 Club Atl\u00e9tico Ituzaing\u00f3 (@ItuzaingoPrensa) <a href=\"https:\/\/twitter.com\/ItuzaingoPrensa\/status\/1349164344114876416?ref_src=twsrc%5Etfw\">January 13, 2021<\/a><\/p><\/blockquote>\n<p><script async src=\"https:\/\/platform.twitter.com\/widgets.js\" charset=\"utf-8\"><\/script><\/p>\n<p><strong>S\u00edntesis:<\/strong><\/p>\n<p><strong>Ituzaing\u00f3 (3):<\/strong> Tom\u00e1s Figueroa; Jos\u00e9 Montiel, Brian Medina, Leonel C\u00f3rdoba, Rodrigo Soria; Pablo Desp\u00f3sito, Gabriel Seijas, \u00c1ngel Stringa, \u00c1ngel Luna; Alcides Miranda Moreira, Brian Risso Patr\u00f3n.<\/p>\n<p><strong>Suplentes:<\/strong> Blas Pisano, Luciano Armoa, Luciano Nebot, Alejandro Ben\u00edtez, Diego Serrano, Kevin L\u00f3pez Arroyo, Lucas Rey.<\/p>\n<p><strong>DT: <\/strong>N\u00e9stor Ferraresi<\/p>\n<p><strong>Victoriano Arenas (1):<\/strong> Lucas V\u00e9liz; Nicol\u00e1s Villagra, Manuel Brand\u00f3n, Maximiliano Negrette, Nazareno Cappello; Mauro Romay, Claudio Saieva, Alejandro \u00c1valos, Nahuel Bravo; Gabriel Toloza y Joel Godoy Gill.<\/p>\n<p><strong>Suplentes:<\/strong> Dami\u00e1n Trinajstic, Emiliano Pastoriza, Rodrigo Crupi, Ismael Torres, Eladio Ramos, Leandro Fleita, Maximiliano Acosta.<\/p>\n<p><strong>DT:<\/strong> Sergio Geldstein\/Luis Ventura<\/p>\n<p><strong>Goles:<\/strong> 33&#8242; Gabriel Toloza (VIC), 52&#8242; \u00c1ngel Luna -p- (ITU), 62&#8242; \u00c1ngel Luna (ITU), 81&#8242; Alejandro Ben\u00edtez (ITU)<\/p>\n<p><strong>Cambios:<\/strong> 45&#8242; Kevin L\u00f3pez Arroyo x Gabriel Seijas (ITU), 75&#8242; Diego Serrano x \u00c1ngel Stringa (ITU)<\/p>\n<p><strong>Amonestados:<\/strong> Jos\u00e9 Montiel (ITU), Claudio Saieva (VIC)<\/p>\n<p><strong>Expulsados:<\/strong> No hubo<\/p>\n<p><strong>\u00c1rbitro:<\/strong> Felipe Viola<\/p>\n<p><strong>Estadio:<\/strong> Carlos Alberto Sacaan (ITUZAING\u00d3)<\/p>\n<p><strong><em>Por: Juan Jos\u00e9 Levrero<\/em><\/strong><\/p>\n<p><em><strong>Foto: Prensa Club Atl\u00e9tico Ituzaing\u00f3\u00a0<\/strong><\/em><\/p>\n","protected":false},"excerpt":{"rendered":"<p>Con un doblete de \u00c1ngel Luna y un gol de Alejandro Ben\u00edtez, Ituzaing\u00f3 le gan\u00f3 al CAVA por 3 a<\/p>\n","protected":false},"author":1,"featured_media":29337,"comment_status":"open","ping_status":"open","sticky":false,"template":"","format":"standard","meta":{"colormag_page_container_layout":"default_layout","colormag_page_sidebar_layout":"default_layout","footnotes":""},"categories":[11],"tags":[2528,91],"class_list":["post-29334","post","type-post","status-publish","format-standard","has-post-thumbnail","hentry","category-deportes","tag-club-atletico-ituzaingo","tag-primera-c"],"_links":{"self":[{"href":"https:\/\/sectorprensa.com.ar\/index.php?rest_route=\/wp\/v2\/posts\/29334","targetHints":{"allow":["GET"]}}],"collection":[{"href":"https:\/\/sectorprensa.com.ar\/index.php?rest_route=\/wp\/v2\/posts"}],"about":[{"href":"https:\/\/sectorprensa.com.ar\/index.php?rest_route=\/wp\/v2\/types\/post"}],"author":[{"embeddable":true,"href":"https:\/\/sectorprensa.com.ar\/index.php?rest_route=\/wp\/v2\/users\/1"}],"replies":[{"embeddable":true,"href":"https:\/\/sectorprensa.com.ar\/index.php?rest_route=%2Fwp%2Fv2%2Fcomments&post=29334"}],"version-history":[{"count":1,"href":"https:\/\/sectorprensa.com.ar\/index.php?rest_route=\/wp\/v2\/posts\/29334\/revisions"}],"predecessor-version":[{"id":29338,"href":"https:\/\/sectorprensa.com.ar\/index.php?rest_route=\/wp\/v2\/posts\/29334\/revisions\/29338"}],"wp:featuredmedia":[{"embeddable":true,"href":"https:\/\/sectorprensa.com.ar\/index.php?rest_route=\/wp\/v2\/media\/29337"}],"wp:attachment":[{"href":"https:\/\/sectorprensa.com.ar\/index.php?rest_route=%2Fwp%2Fv2%2Fmedia&parent=29334"}],"wp:term":[{"taxonomy":"category","embeddable":true,"href":"https:\/\/sectorprensa.com.ar\/index.php?rest_route=%2Fwp%2Fv2%2Fcategories&post=29334"},{"taxonomy":"post_tag","embeddable":true,"href":"https:\/\/sectorprensa.com.ar\/index.php?rest_route=%2Fwp%2Fv2%2Ftags&post=29334"}],"curies":[{"name":"wp","href":"https:\/\/api.w.org\/{rel}","templated":true}]}}