{"id":29381,"date":"2021-01-18T01:20:30","date_gmt":"2021-01-18T04:20:30","guid":{"rendered":"https:\/\/sectorprensa.com.ar\/?p=29381"},"modified":"2021-01-17T22:31:00","modified_gmt":"2021-01-18T01:31:00","slug":"general-rodriguez-katopodis-depetri-y-mauro-garcia-recorrieron-obras","status":"publish","type":"post","link":"https:\/\/sectorprensa.com.ar\/?p=29381","title":{"rendered":"GENERAL RODR\u00cdGUEZ: KATOPODIS, DEPETRI Y MAURO GARC\u00cdA RECORRIERON OBRAS"},"content":{"rendered":"<h6><strong>Los funcionarios visitaron los diferentes frentes que se encuentran en refacci\u00f3n en la localidad bonaerense y se refirieron a c\u00f3mo se trabajar\u00e1 en este a\u00f1o.<\/strong><\/h6>\n<p><!--more--><\/p>\n<p>El Intendente Mauro Garc\u00eda de General Rodr\u00edguez, el ministro de Obras P\u00fablicas de la Naci\u00f3n, Gabriel Katopodis y el subsecretario de Ejecuci\u00f3n de Obra P\u00fablica nacional, Edgardo Depetri, visitaron distintos barrios con el fin de recorrer las obras que se est\u00e1n llevando adelante, tales como, la pavimentaci\u00f3n de calles y el plan hidr\u00e1ulico.<\/p>\n<p>Tras visitar los diferentes lugares, Gabriel Katopodis, expres\u00f3 en Semanario Actualidad: \u00abEs muy importante verlo a General Rodr\u00edguez con la cantidad de obras y con los frentes de obras, cuando todav\u00eda el a\u00f1o casi no arranc\u00f3, con el Intendente que est\u00e1 caminando y hablando con los vecinos, cont\u00e1ndole c\u00f3mo van a ser estas obras que mejoran la calidad de vida de los vecinos. El pavimento permite que llegue el transporte p\u00fablico, mejora la seguridad y calidad cada vida. Adem\u00e1s de la obra h\u00eddrica que se puso en marcha el primer d\u00eda h\u00e1bil del a\u00f1o, despu\u00e9s de veinte o treinta a\u00f1os de inundaciones, son obras que le van a cambiar el perfil y la posibilidad de que muchos decidan invertir, ya que esto terminar\u00e1 con las inundaciones\u00bb.<\/p>\n<blockquote class=\"wp-embedded-content\" data-secret=\"e6YFvWPNJS\"><p><a href=\"https:\/\/sectorprensa.com.ar\/rodriguez-cayo-banda-que-robaba-autos\/\">RODR\u00cdGUEZ: CAY\u00d3 BANDA QUE ROBABA AUTOS<\/a><\/p><\/blockquote>\n<p><iframe loading=\"lazy\" class=\"wp-embedded-content\" sandbox=\"allow-scripts\" security=\"restricted\" style=\"position: absolute; clip: rect(1px, 1px, 1px, 1px);\" title=\"&#8220;RODR\u00cdGUEZ: CAY\u00d3 BANDA QUE ROBABA AUTOS&#8221; &#8212; SECTOR PRENSA\" src=\"https:\/\/sectorprensa.com.ar\/rodriguez-cayo-banda-que-robaba-autos\/embed\/#?secret=e6YFvWPNJS\" data-secret=\"e6YFvWPNJS\" width=\"600\" height=\"338\" frameborder=\"0\" marginwidth=\"0\" marginheight=\"0\" scrolling=\"no\"><\/iframe><\/p>\n<p>\u00abEl trabajo en equipo nos permite garantizar la salud de los vecinos y poder atravesar el dif\u00edcil momento que nos puso enfrente la pandemia. Mauro Garc\u00eda (intendente de la localidad) trabaj\u00f3 para armar el hospital, colocar camas para combatir la pandemia. Hoy nos encontramos ya para trabajar en obras, que mejoran y ponen la mirada hacia adelante. Vamos a seguir luchando contra el Covid, pero vamos a generar empleos con estas obras\u00bb, sostuvo el encargado de Obras P\u00fablicas de la Naci\u00f3n.<\/p>\n<p>Adem\u00e1s, se refiri\u00f3 a c\u00f3mo se trabajar\u00e1 con las obras en este a\u00f1o: \u00abTodo lo que se vaya definiendo en cada localidad se har\u00e1, en funci\u00f3n de lo que cada intendente vaya considerando importante y que se necesite. La funci\u00f3n de la obra p\u00fablica es que genere empleo, ya que en Argentina hay que poner en marcha el aparato productivo y generar ese empleo con la obra p\u00fablica es fundamental para nosotros\u00bb.<\/p>\n<p>Tambi\u00e9n habl\u00f3 de la situaci\u00f3n, el intendente Mauro Garc\u00eda, quien expres\u00f3 que la idea es seguir trabajando con los barrios m\u00e1s carenciados: \u00abLa voluntad de hacer por nuestra ciudad, encontrar a Gabriel como ministro facilita mucho sobre todo porque decidimos como gesti\u00f3n trabajar en los sectores m\u00e1s vulnerables de nuestra ciudad y muchos de los vecinos no creen que estas obras se har\u00e1n y se puedan terminar. Vamos trabajar en funci\u00f3n de garantizar los derechos a estos lugares que fueron muy postergados que empiecen a ver la presencia del estado todos los d\u00edas y puedan tener la misma accesibilidad que el resto de los sectores de la sociedad\u00bb.<\/p>\n","protected":false},"excerpt":{"rendered":"<p>Los funcionarios visitaron los diferentes frentes que se encuentran en refacci\u00f3n en la localidad bonaerense y se refirieron a c\u00f3mo<\/p>\n","protected":false},"author":1,"featured_media":29383,"comment_status":"open","ping_status":"open","sticky":false,"template":"","format":"standard","meta":{"colormag_page_container_layout":"default_layout","colormag_page_sidebar_layout":"default_layout","footnotes":""},"categories":[17,4396,8],"tags":[4892,2795,2164,3425,395],"class_list":["post-29381","post","type-post","status-publish","format-standard","has-post-thumbnail","hentry","category-destacadas","category-gral-rodriguez","category-politica","tag-edgardo-depetri","tag-gabriel-katopodis","tag-general-rodriguez","tag-mauro-garcia","tag-obras"],"_links":{"self":[{"href":"https:\/\/sectorprensa.com.ar\/index.php?rest_route=\/wp\/v2\/posts\/29381","targetHints":{"allow":["GET"]}}],"collection":[{"href":"https:\/\/sectorprensa.com.ar\/index.php?rest_route=\/wp\/v2\/posts"}],"about":[{"href":"https:\/\/sectorprensa.com.ar\/index.php?rest_route=\/wp\/v2\/types\/post"}],"author":[{"embeddable":true,"href":"https:\/\/sectorprensa.com.ar\/index.php?rest_route=\/wp\/v2\/users\/1"}],"replies":[{"embeddable":true,"href":"https:\/\/sectorprensa.com.ar\/index.php?rest_route=%2Fwp%2Fv2%2Fcomments&post=29381"}],"version-history":[{"count":1,"href":"https:\/\/sectorprensa.com.ar\/index.php?rest_route=\/wp\/v2\/posts\/29381\/revisions"}],"predecessor-version":[{"id":29384,"href":"https:\/\/sectorprensa.com.ar\/index.php?rest_route=\/wp\/v2\/posts\/29381\/revisions\/29384"}],"wp:featuredmedia":[{"embeddable":true,"href":"https:\/\/sectorprensa.com.ar\/index.php?rest_route=\/wp\/v2\/media\/29383"}],"wp:attachment":[{"href":"https:\/\/sectorprensa.com.ar\/index.php?rest_route=%2Fwp%2Fv2%2Fmedia&parent=29381"}],"wp:term":[{"taxonomy":"category","embeddable":true,"href":"https:\/\/sectorprensa.com.ar\/index.php?rest_route=%2Fwp%2Fv2%2Fcategories&post=29381"},{"taxonomy":"post_tag","embeddable":true,"href":"https:\/\/sectorprensa.com.ar\/index.php?rest_route=%2Fwp%2Fv2%2Ftags&post=29381"}],"curies":[{"name":"wp","href":"https:\/\/api.w.org\/{rel}","templated":true}]}}