{"id":29394,"date":"2021-01-18T16:07:51","date_gmt":"2021-01-18T19:07:51","guid":{"rendered":"https:\/\/sectorprensa.com.ar\/?p=29394"},"modified":"2021-01-18T16:07:51","modified_gmt":"2021-01-18T19:07:51","slug":"sergio-berni-a-partir-de-junio-la-pandemia-va-a-ser-parte-de-la-historia-de-la-argentina","status":"publish","type":"post","link":"https:\/\/sectorprensa.com.ar\/?p=29394","title":{"rendered":"SERGIO BERNI: \u201cA PARTIR DE JUNIO LA PANDEMIA VA A SER PARTE DE LA HISTORIA DE LA ARGENTINA\u201d"},"content":{"rendered":"<h6><strong>El ministro de Seguridad bonaerense consider\u00f3 que el aumento de casos de coronavirus corresponde al pico de la pandemia y no a una segunda ola de contagios.<\/strong><\/h6>\n<p><!--more--><\/p>\n<p>El ministro de Seguridad de la provincia de Buenos Aires, Sergio Berni, se refiri\u00f3 este domingo al aumento de contagios de coronavirus y al avance del plan de vacunaci\u00f3n en la el territorio que gobierna Axel Kicillof. En ese sentido, sostuvo que en este momento el pa\u00eds est\u00e1 cursando \u201cel pico de la pandemia\u201d y no una segunda ola de contagios.<\/p>\n<p>\u201cEsta pandemia ha puesto al mundo en un estr\u00e9s social muy fuerte. Todav\u00eda la ciencia no puede explicar por qu\u00e9 algunos se contagian, otros son asintom\u00e1ticos y otros terminan internados en terapia intensiva\u201d, indic\u00f3 en declaraciones a radio Rivadavia.<\/p>\n<p>Seg\u00fan consider\u00f3 Berni, la Argentina \u201cest\u00e1 llegando al famoso pico de la pandemia, aquel que discut\u00edamos en marzo\u201d. \u201cNosotros dec\u00edamos que el pico se iba a lograr cuando la sociedad retome su ritmo habitual. Despu\u00e9s de que salimos de la cuarentena, la sociedad fue normalizando su funcionamiento. Entonces, ah\u00ed vimos que los contagios crecieron abruptamente\u201d, explic\u00f3.<\/p>\n<blockquote class=\"wp-embedded-content\" data-secret=\"QYOBOW0yYO\"><p><a href=\"https:\/\/sectorprensa.com.ar\/la-provincia-acordo-paritarias-con-gremios-estatales\/\">LA PROVINCIA ACORD\u00d3 PARITARIAS CON GREMIOS ESTATALES<\/a><\/p><\/blockquote>\n<p><iframe loading=\"lazy\" class=\"wp-embedded-content\" sandbox=\"allow-scripts\" security=\"restricted\" style=\"position: absolute; clip: rect(1px, 1px, 1px, 1px);\" title=\"&#8220;LA PROVINCIA ACORD\u00d3 PARITARIAS CON GREMIOS ESTATALES&#8221; &#8212; SECTOR PRENSA\" src=\"https:\/\/sectorprensa.com.ar\/la-provincia-acordo-paritarias-con-gremios-estatales\/embed\/#?secret=QYOBOW0yYO\" data-secret=\"QYOBOW0yYO\" width=\"600\" height=\"338\" frameborder=\"0\" marginwidth=\"0\" marginheight=\"0\" scrolling=\"no\"><\/iframe><\/p>\n<p>En esa misma l\u00ednea, se\u00f1al\u00f3 que \u201cen poco tiempo vamos a ver c\u00f3mo los contagios empiezan a bajar\u201d y acept\u00f3 que esperan ese descenso con el fin de \u201ctener una ventana de tres o cuatros meses para hacer una vacunaci\u00f3n masiva\u201d. \u201cLa Argentina tiene 300.000 vacunas y la promesa de que a fines de enero lleguen dos millones y medio de vacunas m\u00e1s, adem\u00e1s de las que se est\u00e1n negociando con otros laboratorios\u201d, afirm\u00f3.<\/p>\n<p>Luego de describir ese escenario, el ministro bonaerense puntualiz\u00f3: \u201cSoy optimista. Creo que a partir de junio la pandemia va a ser parte de la historia de la Argentina y del mundo\u201d.<\/p>\n<p>Berni tambi\u00e9n dio su impresi\u00f3n sobre el impacto del rebrote de coronavirus en el pa\u00eds. \u201cLa cadena de contagios es peor a la anterior, en cuanto a la velocidad en la que se est\u00e1n contagiando. Pero el dato bueno es que la mortalidad es mucho menor. Eso tiene que ver con los grados de inmunidad y la cantidad de carga viral que circula\u201d, indic\u00f3.<\/p>\n<p><strong><em>Fuente: Infobae<\/em><\/strong><\/p>\n","protected":false},"excerpt":{"rendered":"<p>El ministro de Seguridad bonaerense consider\u00f3 que el aumento de casos de coronavirus corresponde al pico de la pandemia y<\/p>\n","protected":false},"author":1,"featured_media":29395,"comment_status":"open","ping_status":"open","sticky":false,"template":"","format":"standard","meta":{"colormag_page_container_layout":"default_layout","colormag_page_sidebar_layout":"default_layout","footnotes":""},"categories":[1,8,18],"tags":[4284,4312,4087],"class_list":["post-29394","post","type-post","status-publish","format-standard","has-post-thumbnail","hentry","category-destacado","category-politica","category-provincia","tag-coronavirus","tag-pandemia","tag-sergio-berni"],"_links":{"self":[{"href":"https:\/\/sectorprensa.com.ar\/index.php?rest_route=\/wp\/v2\/posts\/29394","targetHints":{"allow":["GET"]}}],"collection":[{"href":"https:\/\/sectorprensa.com.ar\/index.php?rest_route=\/wp\/v2\/posts"}],"about":[{"href":"https:\/\/sectorprensa.com.ar\/index.php?rest_route=\/wp\/v2\/types\/post"}],"author":[{"embeddable":true,"href":"https:\/\/sectorprensa.com.ar\/index.php?rest_route=\/wp\/v2\/users\/1"}],"replies":[{"embeddable":true,"href":"https:\/\/sectorprensa.com.ar\/index.php?rest_route=%2Fwp%2Fv2%2Fcomments&post=29394"}],"version-history":[{"count":1,"href":"https:\/\/sectorprensa.com.ar\/index.php?rest_route=\/wp\/v2\/posts\/29394\/revisions"}],"predecessor-version":[{"id":29396,"href":"https:\/\/sectorprensa.com.ar\/index.php?rest_route=\/wp\/v2\/posts\/29394\/revisions\/29396"}],"wp:featuredmedia":[{"embeddable":true,"href":"https:\/\/sectorprensa.com.ar\/index.php?rest_route=\/wp\/v2\/media\/29395"}],"wp:attachment":[{"href":"https:\/\/sectorprensa.com.ar\/index.php?rest_route=%2Fwp%2Fv2%2Fmedia&parent=29394"}],"wp:term":[{"taxonomy":"category","embeddable":true,"href":"https:\/\/sectorprensa.com.ar\/index.php?rest_route=%2Fwp%2Fv2%2Fcategories&post=29394"},{"taxonomy":"post_tag","embeddable":true,"href":"https:\/\/sectorprensa.com.ar\/index.php?rest_route=%2Fwp%2Fv2%2Ftags&post=29394"}],"curies":[{"name":"wp","href":"https:\/\/api.w.org\/{rel}","templated":true}]}}