{"id":29681,"date":"2021-02-02T19:20:19","date_gmt":"2021-02-02T22:20:19","guid":{"rendered":"https:\/\/sectorprensa.com.ar\/?p=29681"},"modified":"2021-02-02T19:20:19","modified_gmt":"2021-02-02T22:20:19","slug":"bovaglio-ya-trabaja-en-el-gallo","status":"publish","type":"post","link":"https:\/\/sectorprensa.com.ar\/?p=29681","title":{"rendered":"BOVAGLIO YA TRABAJA EN EL GALLO"},"content":{"rendered":"<h6><strong>El entrenador se present\u00f3 en Deportivo Mor\u00f3n y ya entrena el equipo de cara a la pr\u00f3xima temporada.<\/strong><\/h6>\n<p><!--more--><\/p>\n<p>En las \u00faltimas horas se present\u00f3 oficialmente a Lucas Bovaglio, como nuevo director t\u00e9cnico del Deportivo Mor\u00f3n. El entrenador trabaj\u00f3 en Atl\u00e9tico de Rafaela y Villa D\u00e1lmine en la temporada 2019-2020.<\/p>\n<p>Su cuerpo t\u00e9cnico es el siguiente: Fernando \u201cnano\u201d Clementz (ayudante de campo), Diego Dolce y Emiliano Romero (preparadores f\u00edsicos), Luis Mart\u00ednez (entrenador de arqueros); e Ignacio Balleti (analista de videos).<\/p>\n<p>\u201cQueremos armar un equipo competitivo, que tenga sello propio, que el hincha sepa a lo que juega. Podemos hacerlo con trabajo, compromiso y con la ayuda de todos. Es la forma de que transitemos este camino orientados en una misma direcci\u00f3n, porque si queremos que esto llegue a buen puerto no hay otra alternativa que tirar todos para el mismo lado\u201d, destac\u00f3 el DT en su primera conferencia en la cual destac\u00f3 armara un mix entre juveniles y jugadores experimentados.<\/p>\n<p><strong>CARAS NUEVAS PARA EL GALLITO<\/strong><\/p>\n<p>Gast\u00f3n Gonz\u00e1lez que vuelve al club tras su paso por Belgrano de C\u00f3rdoba y Franco Ver\u00f3n (defensor central zurdo -25 a\u00f1os \u2013 viene de Sarmiento de Resistencia), son los dos primeros refuerzos del Gallo.<\/p>\n<p><em><strong>Foto: Prensa Deportivo Mor\u00f3n\u00a0<\/strong><\/em><\/p>\n","protected":false},"excerpt":{"rendered":"<p>El entrenador se present\u00f3 en Deportivo Mor\u00f3n y ya entrena el equipo de cara a la pr\u00f3xima temporada.<\/p>\n","protected":false},"author":1,"featured_media":29682,"comment_status":"open","ping_status":"open","sticky":false,"template":"","format":"standard","meta":{"colormag_page_container_layout":"default_layout","colormag_page_sidebar_layout":"default_layout","footnotes":""},"categories":[11,5],"tags":[55,4925],"class_list":["post-29681","post","type-post","status-publish","format-standard","has-post-thumbnail","hentry","category-deportes","category-moron","tag-deportivo-moron","tag-lucas-bovaglio"],"_links":{"self":[{"href":"https:\/\/sectorprensa.com.ar\/index.php?rest_route=\/wp\/v2\/posts\/29681","targetHints":{"allow":["GET"]}}],"collection":[{"href":"https:\/\/sectorprensa.com.ar\/index.php?rest_route=\/wp\/v2\/posts"}],"about":[{"href":"https:\/\/sectorprensa.com.ar\/index.php?rest_route=\/wp\/v2\/types\/post"}],"author":[{"embeddable":true,"href":"https:\/\/sectorprensa.com.ar\/index.php?rest_route=\/wp\/v2\/users\/1"}],"replies":[{"embeddable":true,"href":"https:\/\/sectorprensa.com.ar\/index.php?rest_route=%2Fwp%2Fv2%2Fcomments&post=29681"}],"version-history":[{"count":1,"href":"https:\/\/sectorprensa.com.ar\/index.php?rest_route=\/wp\/v2\/posts\/29681\/revisions"}],"predecessor-version":[{"id":29683,"href":"https:\/\/sectorprensa.com.ar\/index.php?rest_route=\/wp\/v2\/posts\/29681\/revisions\/29683"}],"wp:featuredmedia":[{"embeddable":true,"href":"https:\/\/sectorprensa.com.ar\/index.php?rest_route=\/wp\/v2\/media\/29682"}],"wp:attachment":[{"href":"https:\/\/sectorprensa.com.ar\/index.php?rest_route=%2Fwp%2Fv2%2Fmedia&parent=29681"}],"wp:term":[{"taxonomy":"category","embeddable":true,"href":"https:\/\/sectorprensa.com.ar\/index.php?rest_route=%2Fwp%2Fv2%2Fcategories&post=29681"},{"taxonomy":"post_tag","embeddable":true,"href":"https:\/\/sectorprensa.com.ar\/index.php?rest_route=%2Fwp%2Fv2%2Ftags&post=29681"}],"curies":[{"name":"wp","href":"https:\/\/api.w.org\/{rel}","templated":true}]}}