{"id":29785,"date":"2021-02-05T21:26:02","date_gmt":"2021-02-06T00:26:02","guid":{"rendered":"https:\/\/sectorprensa.com.ar\/?p=29785"},"modified":"2021-02-05T21:26:02","modified_gmt":"2021-02-06T00:26:02","slug":"el-leon-ya-tiene-nuevo-entrenador","status":"publish","type":"post","link":"https:\/\/sectorprensa.com.ar\/?p=29785","title":{"rendered":"EL LE\u00d3N YA TIENE NUEVO ENTRENADOR"},"content":{"rendered":"<h6><b>Mat\u00edas De Cicco es el nuevo director t\u00e9cnico de Ituzaing\u00f3 y arrancar\u00e1 la pretemporada con el primer equipo este lunes.<\/b><\/h6>\n<p><!--more--><\/p>\n<p>Luego de la renuncia del ex entrenador N\u00e9stor \u201cCoqui\u201d Ferraresi, que asumi\u00f3 en Argentino de Merlo, la dirigencia de Ituzaing\u00f3 se movi\u00f3 r\u00e1pidamente para conseguir otro entrenador.<\/p>\n<p>Se trata de Mat\u00edas De Cicco, que ser\u00e1 el nuevo director t\u00e9cnico del Verde, dado que tuvo su primera experiencia en Lugano, despu\u00e9s estuvo en San Miguel, y finalmente integr\u00f3 el cuerpo t\u00e9cnico de Excursionistas el a\u00f1o pasado. Adem\u00e1s el entrenador estar\u00e1 acompa\u00f1ado de la siguiente manera:<\/p>\n<ul>\n<li>Adri\u00e1n Gerry (Ayudante de Campo)<\/li>\n<li>Hern\u00e1n Jim\u00e9nez (Preparador F\u00edsico)<\/li>\n<li>Nicol\u00e1s Vezzoni (Preparador F\u00edsico)<\/li>\n<li>Mariano S\u00e1nchez (Entrenador de Arqueros)<\/li>\n<li>Heber Lajst (Departamento de An\u00e1lisis)<\/li>\n<\/ul>\n<p>&nbsp;<\/p>\n<blockquote class=\"twitter-tweet\">\n<p dir=\"ltr\" lang=\"es\"><a href=\"https:\/\/twitter.com\/hashtag\/Bajas?src=hash&amp;ref_src=twsrc%5Etfw\">#Bajas<\/a> \u2b07<\/p>\n<p>Brian Risso Patr\u00f3n, Pablo Cabral, Gabriel Seijas y \u00c1ngel Stringa no ser\u00e1n jugadores de <a href=\"https:\/\/twitter.com\/hashtag\/Ituzaing%C3%B3?src=hash&amp;ref_src=twsrc%5Etfw\">#Ituzaing\u00f3<\/a> en la pr\u00f3xima temporada. <a href=\"https:\/\/t.co\/6bhUTyExcP\">pic.twitter.com\/6bhUTyExcP<\/a><\/p>\n<p>\u2014 Club Atl\u00e9tico Ituzaing\u00f3 (@ItuzaingoPrensa) <a href=\"https:\/\/twitter.com\/ItuzaingoPrensa\/status\/1357846009406193670?ref_src=twsrc%5Etfw\">February 6, 2021<\/a><\/p><\/blockquote>\n<p><script async src=\"https:\/\/platform.twitter.com\/widgets.js\" charset=\"utf-8\"><\/script><\/p>\n<p>En cuanto a su trayectoria, es m\u00e9dico psiquiatra, conductor de un programa radial y experto en rock. Por otra parte, en 2007 empez\u00f3 a armar proyectos para vincular su profesi\u00f3n con el f\u00fatbol, pero no lo aceptaban.<\/p>\n<p>Ahora, en el f\u00fatbol se trabaja de otra manera y se le da mayor importancia al tema mental. Por recomendaci\u00f3n de Marcelo Bielsa, en 2011 empez\u00f3 la carrera de DT y lleg\u00f3 a Atl\u00e9tico Lugano, donde no le fue de la mejor manera.<\/p>\n<p>A su vez, Adri\u00e1n Gerry, el ayudante de campo de De Cicco, es el reconocido exgoleador del Le\u00f3n que tanto hizo disfrutar a los hinchas del verde.<\/p>\n<p>En la noche del viernes, se confirm\u00f3 que Miguel \u00c1ngel Pires no continuar\u00e1 como director deportivo del Verde, luego de estar dos a\u00f1os al frente en la instituci\u00f3n ituzainguense.<\/p>\n<p><strong>Por: Juan Jos\u00e9 Levrero<\/strong><\/p>\n","protected":false},"excerpt":{"rendered":"<p>Mat\u00edas De Cicco es el nuevo director t\u00e9cnico de Ituzaing\u00f3 y arrancar\u00e1 la pretemporada con el primer equipo este lunes.<\/p>\n","protected":false},"author":1,"featured_media":29786,"comment_status":"open","ping_status":"open","sticky":false,"template":"","format":"standard","meta":{"colormag_page_container_layout":"default_layout","colormag_page_sidebar_layout":"default_layout","footnotes":""},"categories":[11],"tags":[49,4934],"class_list":["post-29785","post","type-post","status-publish","format-standard","has-post-thumbnail","hentry","category-deportes","tag-ituzaingo","tag-matias-de-cicco"],"_links":{"self":[{"href":"https:\/\/sectorprensa.com.ar\/index.php?rest_route=\/wp\/v2\/posts\/29785","targetHints":{"allow":["GET"]}}],"collection":[{"href":"https:\/\/sectorprensa.com.ar\/index.php?rest_route=\/wp\/v2\/posts"}],"about":[{"href":"https:\/\/sectorprensa.com.ar\/index.php?rest_route=\/wp\/v2\/types\/post"}],"author":[{"embeddable":true,"href":"https:\/\/sectorprensa.com.ar\/index.php?rest_route=\/wp\/v2\/users\/1"}],"replies":[{"embeddable":true,"href":"https:\/\/sectorprensa.com.ar\/index.php?rest_route=%2Fwp%2Fv2%2Fcomments&post=29785"}],"version-history":[{"count":1,"href":"https:\/\/sectorprensa.com.ar\/index.php?rest_route=\/wp\/v2\/posts\/29785\/revisions"}],"predecessor-version":[{"id":29787,"href":"https:\/\/sectorprensa.com.ar\/index.php?rest_route=\/wp\/v2\/posts\/29785\/revisions\/29787"}],"wp:featuredmedia":[{"embeddable":true,"href":"https:\/\/sectorprensa.com.ar\/index.php?rest_route=\/wp\/v2\/media\/29786"}],"wp:attachment":[{"href":"https:\/\/sectorprensa.com.ar\/index.php?rest_route=%2Fwp%2Fv2%2Fmedia&parent=29785"}],"wp:term":[{"taxonomy":"category","embeddable":true,"href":"https:\/\/sectorprensa.com.ar\/index.php?rest_route=%2Fwp%2Fv2%2Fcategories&post=29785"},{"taxonomy":"post_tag","embeddable":true,"href":"https:\/\/sectorprensa.com.ar\/index.php?rest_route=%2Fwp%2Fv2%2Ftags&post=29785"}],"curies":[{"name":"wp","href":"https:\/\/api.w.org\/{rel}","templated":true}]}}