{"id":29960,"date":"2021-02-13T10:52:48","date_gmt":"2021-02-13T13:52:48","guid":{"rendered":"https:\/\/sectorprensa.com.ar\/?p=29960"},"modified":"2021-02-13T10:52:48","modified_gmt":"2021-02-13T13:52:48","slug":"por-momentos-pase-lo-mismo-que-los-chicos","status":"publish","type":"post","link":"https:\/\/sectorprensa.com.ar\/?p=29960","title":{"rendered":"\u00abPOR MOMENTOS PAS\u00c9 LO MISMO QUE LOS CHICOS\u00bb"},"content":{"rendered":"<h6><strong>Entrevistamos a Dami\u00e1n Achucarro y C\u00e9sar Carranza, ex jugadores de Argentino de Merlo, quienes realizan una actividad solidaria. Ambos se encargan del merendero \u00abManos Solidarias\u00bb, ubicado en Pontevedra.<\/strong><\/h6>\n<p><!--more--><\/p>\n<p>En tiempo de pandemia, donde se vieron a\u00fan m\u00e1s actividades solidarias, el f\u00fatbol tambi\u00e9n brinda su ayuda. Sector Prensa dialog\u00f3 con Dami\u00e1n Achucarro y C\u00e9sar Carranza, ambos jugadores son los encargados del merendero \u00abManos Solidarias\u00bb que les da una merienda a las familias de un barrio de Pontevedra, Merlo.<\/p>\n<p><strong>SP: &#8211; \u00bfD\u00f3nde est\u00e1 ubicado el merendero?<\/strong><\/p>\n<p>DA: &#8211; Lo tenemos en mi casa, en el barrio Santa Julia de Pontevedra.<\/p>\n<p><strong>&#8211; \u00bfCu\u00e1ndo se fund\u00f3?<\/strong><\/p>\n<p>&#8211; La idea la ten\u00eda hace mucho, pero por el club, laburo y entrenamiento, no pude hacerlo antes. Y ahora con la pandemia, a mediados de marzo, tuve la idea, me anim\u00e9 y lo habl\u00e9 con la familia. Despu\u00e9s se sum\u00f3 \u00abChiky\u00bb Carranza, me dio su apoyo y ayuda. Empec\u00e9 con un d\u00eda, despu\u00e9s agregamos dos m\u00e1s. Por suerte vienen muchos chicos. Es todo a pulm\u00f3n esto.<\/p>\n<p><strong>&#8211; \u00bfReciben alguna ayuda del municipio?<\/strong><\/p>\n<p>&#8211; Por ahora, no. Se acercaron, pero no se concret\u00f3. Seguimos con el \u00abChiky\u00bb, con la familia. Por suerte venimos bien con el merendero.<\/p>\n<p><strong>&#8211; \u00bfCu\u00e1ntos chicos se acercan aproximadamente? \u00bfDe qu\u00e9 edades?<\/strong><\/p>\n<p>&#8211; M\u00e1s o menos son cuarenta chicos, van diez u once familias. Cada familia que asiste, tiene alrededor de tres chicos. As\u00ed que entre treinta y cuarenta son los que se acercan los dos d\u00edas. Las edades son entre seis y once a\u00f1os, aunque tambi\u00e9n viene gente mayor.<\/p>\n<figure id=\"attachment_29962\" aria-describedby=\"caption-attachment-29962\" style=\"width: 716px\" class=\"wp-caption alignnone\"><img loading=\"lazy\" decoding=\"async\" class=\"wp-image-29962 size-full\" src=\"https:\/\/sectorprensa.com.ar\/wp-content\/uploads\/2021\/02\/IMG-20210211-WA0045.jpg\" alt=\"\" width=\"716\" height=\"868\" srcset=\"https:\/\/sectorprensa.com.ar\/wp-content\/uploads\/2021\/02\/IMG-20210211-WA0045.jpg 716w, https:\/\/sectorprensa.com.ar\/wp-content\/uploads\/2021\/02\/IMG-20210211-WA0045-247x300.jpg 247w\" sizes=\"auto, (max-width: 716px) 100vw, 716px\" \/><figcaption id=\"caption-attachment-29962\" class=\"wp-caption-text\">Postales solidarias. Achucarro junto a Carranza le dan la merienda a unos 40 chicos.<\/figcaption><\/figure>\n<p><strong>&#8211; \u00bfCu\u00e1les son los d\u00edas y horarios del merendero?<\/strong><\/p>\n<p>&#8211; Tuvimos un parate de un mes, ahora vamos a cambiar los d\u00edas. Va a ser martes y viernes de 17 a 18hs. Esta semana arrancamos devuelta. Antes del parate, era jueves y s\u00e1bado en el mismo horario.<\/p>\n<p><strong>&#8211; \u00bfLa pandemia los perjudic\u00f3 en alg\u00fan momento? \u00bfIncrement\u00f3 la cantidad de gente durante el aislamiento?<\/strong><\/p>\n<p>&#8211; Al principio, cuando reci\u00e9n arrancamos, ven\u00edan m\u00e1s chicos de los que vienen ahora. Cuando se abri\u00f3 un poco esto, no hab\u00eda tantas restricciones, empezaron a acercarse menos chicos. En el parate se complic\u00f3. Obviamente, me ayudaron con los barbijos, alcohol en gel. Yo los repart\u00eda para tener un poco m\u00e1s de cuidado. Yo los recib\u00eda en mi casa, no es que se quedaban, ven\u00edan con sus tapper, bolsa y jarra.<\/p>\n<p><strong>&#8211; \u00bfHay algo que necesiten en lo inmediato?<\/strong><\/p>\n<p>&#8211; Siempre, m\u00e1s que nada se necesita az\u00facar, harina y leche. Con lo que se pueda colaborar, todo es una gran ayuda para nosotros, as\u00ed podemos seguir ayudando y creciendo.<\/p>\n<p><strong>&#8211; \u00bfLes toc\u00f3 pasar por una situaci\u00f3n similar a la de los chicos?<\/strong><\/p>\n<p>DA: &#8211; Por momentos lo viv\u00ed, pero mis viejos siempre hicieron todo para que no me faltara nada. A m\u00ed me gusta ayudar, es algo que me hace bien.<\/p>\n<p>CC: &#8211; No, pero tampoco me sobraba nada. S\u00e9 lo que es no tener para comer a veces.<\/p>\n<figure id=\"attachment_29963\" aria-describedby=\"caption-attachment-29963\" style=\"width: 512px\" class=\"wp-caption alignnone\"><img loading=\"lazy\" decoding=\"async\" class=\"wp-image-29963\" src=\"https:\/\/sectorprensa.com.ar\/wp-content\/uploads\/2021\/02\/IMG-20210211-WA0042.jpg\" alt=\"\" width=\"512\" height=\"512\" srcset=\"https:\/\/sectorprensa.com.ar\/wp-content\/uploads\/2021\/02\/IMG-20210211-WA0042.jpg 720w, https:\/\/sectorprensa.com.ar\/wp-content\/uploads\/2021\/02\/IMG-20210211-WA0042-300x300.jpg 300w, https:\/\/sectorprensa.com.ar\/wp-content\/uploads\/2021\/02\/IMG-20210211-WA0042-150x150.jpg 150w\" sizes=\"auto, (max-width: 512px) 100vw, 512px\" \/><figcaption id=\"caption-attachment-29963\" class=\"wp-caption-text\">Achucarro tiene 30 a\u00f1os y en su extensa trayectoria jug\u00f3 en Yupanqui, Argentino de Merlo, Ituzaing\u00f3 y Atlas, entre otros. Ahora est\u00e1 en Sportivo Barracas.<\/figcaption><\/figure>\n<p><strong>&#8211; \u00bfC\u00f3mo se comunican con ustedes los que quieran ayudar?<\/strong><\/p>\n<p>&#8211; Se tienen comunicar conmigo, mi n\u00famero es 1160141628. Tambi\u00e9n a los instagram dylandami_90 y chikycarranza.<\/p>\n<p><strong>&#8211; \u00bfQu\u00e9 te gustar\u00eda para el merendero en un futuro? \u00bfTen\u00e9s pensado otro proyecto o actividad solidaria?<\/strong><\/p>\n<p>&#8211; Para un futuro, quiero que el merendero tenga un lugar propio, f\u00edsico, que no sea en mi casa, para que todos tengan su merienda ah\u00ed.<\/p>\n<p><strong>&#8211; \u00bfCrees que se necesita m\u00e1s gestos como este?<\/strong><\/p>\n<p>CC: &#8211; La verdad que s\u00ed, hay mucha gente que lo necesita y otra gente que con un poquito podr\u00eda ayudar mucho.<\/p>\n<p><strong>&#8211; \u00bfCu\u00e1l es tu funci\u00f3n en el merendero?<\/strong><\/p>\n<p>CC: &#8211; Mi funci\u00f3n es contactar gente que pueda colaborar y acercarle la ayuda a Dami\u00e1n.<\/p>\n<p><strong>&#8211; \u00bfSiempre tuviste en tu personalidad el ser solidario?<\/strong><\/p>\n<p>&#8211; Siempre me gust\u00f3 ser solidario, y me ense\u00f1aron a ayudar. Por eso, siento que est\u00e1 bien hacerlo.<\/p>\n<p><strong>&#8211; \u00bfQu\u00e9 significa para vos dar esta mano?<\/strong><\/p>\n<p>CC: &#8211; Mucho. Ver la sonrisa de los chicos cuando reciben su merienda, es algo impagable.<\/p>\n<figure id=\"attachment_29964\" aria-describedby=\"caption-attachment-29964\" style=\"width: 514px\" class=\"wp-caption alignnone\"><img loading=\"lazy\" decoding=\"async\" class=\"wp-image-29964\" src=\"https:\/\/sectorprensa.com.ar\/wp-content\/uploads\/2021\/02\/cesar-carranza-.jpg\" alt=\"\" width=\"514\" height=\"443\" srcset=\"https:\/\/sectorprensa.com.ar\/wp-content\/uploads\/2021\/02\/cesar-carranza-.jpg 713w, https:\/\/sectorprensa.com.ar\/wp-content\/uploads\/2021\/02\/cesar-carranza--300x259.jpg 300w\" sizes=\"auto, (max-width: 514px) 100vw, 514px\" \/><figcaption id=\"caption-attachment-29964\" class=\"wp-caption-text\">El delantero de 40 a\u00f1os qued\u00f3 libre de Argentino de Merlo. Antes brill\u00f3 en Nueva Chicago y jug\u00f3 en Belgrano, Lan\u00fas, Ferro e Ituzaing\u00f3, entre otros.<\/figcaption><\/figure>\n","protected":false},"excerpt":{"rendered":"<p>Entrevistamos a Dami\u00e1n Achucarro y C\u00e9sar Carranza, ex jugadores de Argentino de Merlo, quienes realizan una actividad solidaria. Ambos se encargan del merendero \u00abManos Solidarias\u00bb, ubicado en Pontevedra.<\/p>\n","protected":false},"author":1,"featured_media":29961,"comment_status":"open","ping_status":"open","sticky":false,"template":"","format":"standard","meta":{"colormag_page_container_layout":"default_layout","colormag_page_sidebar_layout":"default_layout","footnotes":""},"categories":[11,17,7,14],"tags":[3239,4952,842,1760],"class_list":["post-29960","post","type-post","status-publish","format-standard","has-post-thumbnail","hentry","category-deportes","category-destacadas","category-merlo","category-solidaridad","tag-cesar-carranza","tag-damian-achucarro","tag-merendero","tag-pontevedra"],"_links":{"self":[{"href":"https:\/\/sectorprensa.com.ar\/index.php?rest_route=\/wp\/v2\/posts\/29960","targetHints":{"allow":["GET"]}}],"collection":[{"href":"https:\/\/sectorprensa.com.ar\/index.php?rest_route=\/wp\/v2\/posts"}],"about":[{"href":"https:\/\/sectorprensa.com.ar\/index.php?rest_route=\/wp\/v2\/types\/post"}],"author":[{"embeddable":true,"href":"https:\/\/sectorprensa.com.ar\/index.php?rest_route=\/wp\/v2\/users\/1"}],"replies":[{"embeddable":true,"href":"https:\/\/sectorprensa.com.ar\/index.php?rest_route=%2Fwp%2Fv2%2Fcomments&post=29960"}],"version-history":[{"count":1,"href":"https:\/\/sectorprensa.com.ar\/index.php?rest_route=\/wp\/v2\/posts\/29960\/revisions"}],"predecessor-version":[{"id":29965,"href":"https:\/\/sectorprensa.com.ar\/index.php?rest_route=\/wp\/v2\/posts\/29960\/revisions\/29965"}],"wp:featuredmedia":[{"embeddable":true,"href":"https:\/\/sectorprensa.com.ar\/index.php?rest_route=\/wp\/v2\/media\/29961"}],"wp:attachment":[{"href":"https:\/\/sectorprensa.com.ar\/index.php?rest_route=%2Fwp%2Fv2%2Fmedia&parent=29960"}],"wp:term":[{"taxonomy":"category","embeddable":true,"href":"https:\/\/sectorprensa.com.ar\/index.php?rest_route=%2Fwp%2Fv2%2Fcategories&post=29960"},{"taxonomy":"post_tag","embeddable":true,"href":"https:\/\/sectorprensa.com.ar\/index.php?rest_route=%2Fwp%2Fv2%2Ftags&post=29960"}],"curies":[{"name":"wp","href":"https:\/\/api.w.org\/{rel}","templated":true}]}}