{"id":30154,"date":"2021-02-25T18:20:54","date_gmt":"2021-02-25T21:20:54","guid":{"rendered":"https:\/\/sectorprensa.com.ar\/?p=30154"},"modified":"2021-02-25T18:22:52","modified_gmt":"2021-02-25T21:22:52","slug":"virrey-del-pino-le-gatillaron-y-le-robaron-todo-a-un-colectivero","status":"publish","type":"post","link":"https:\/\/sectorprensa.com.ar\/?p=30154","title":{"rendered":"VIRREY DEL PINO: LE GATILLARON Y LE ROBARON TODO A UN COLECTIVERO"},"content":{"rendered":"<h6><strong>Al trabajador lo despojaron hasta de su gorra y sus zapatillas. \u00abQuer\u00edan a toda costa el auto\u00bb, relat\u00f3 el colectivero.<\/strong><\/h6>\n<p><!--more--><\/p>\n<p>Otra jornada salvaje se vivi\u00f3 en La Matanza, m\u00e1s precisamente en Virrey del Pino. Esta vez un colectivero sufri\u00f3 fuertes golpes en la cabeza tras el robo en un kiosco a primera hora de la ma\u00f1ana.<\/p>\n<p>\u00abMe sacaron las zapatillas, la plata, quer\u00edan el auto. Me gatillaron dos o tres veces\u00bb, cont\u00f3 el hombre. \u00abQuer\u00edan a toda costa el auto\u00bb.<\/p>\n<p>El hecho qued\u00f3 filmado por c\u00e1maras de seguridad, y seg\u00fan cuenta el trabajador llamado Tom\u00e1s, es la primera que le ocurre, a pesar de que por su profesi\u00f3n conoce de cerca los robos de este tipo en sus compa\u00f1eros.<\/p>\n<p><iframe loading=\"lazy\" title=\"LE ROBARON A UN COLECTIVERO Y LO DEJARON DESCALZO\" width=\"800\" height=\"450\" src=\"https:\/\/www.youtube.com\/embed\/4RhbcG8M1Ts?feature=oembed\" frameborder=\"0\" allow=\"accelerometer; autoplay; clipboard-write; encrypted-media; gyroscope; picture-in-picture\" allowfullscreen><\/iframe><\/p>\n<blockquote class=\"wp-embedded-content\" data-secret=\"T7bXiRS4Id\"><p><a href=\"https:\/\/sectorprensa.com.ar\/balearon-a-un-policia-del-grupo-halcon-en-san-justo\/\">BALEARON A UN POLIC\u00cdA DEL GRUPO HALC\u00d3N EN SAN JUSTO<\/a><\/p><\/blockquote>\n<p><iframe loading=\"lazy\" class=\"wp-embedded-content\" sandbox=\"allow-scripts\" security=\"restricted\" style=\"position: absolute; clip: rect(1px, 1px, 1px, 1px);\" title=\"&#8220;BALEARON A UN POLIC\u00cdA DEL GRUPO HALC\u00d3N EN SAN JUSTO&#8221; &#8212; SECTOR PRENSA\" src=\"https:\/\/sectorprensa.com.ar\/balearon-a-un-policia-del-grupo-halcon-en-san-justo\/embed\/#?secret=T7bXiRS4Id\" data-secret=\"T7bXiRS4Id\" width=\"600\" height=\"338\" frameborder=\"0\" marginwidth=\"0\" marginheight=\"0\" scrolling=\"no\"><\/iframe><\/p>\n","protected":false},"excerpt":{"rendered":"<p>Al trabajador lo despojaron hasta de su gorra y sus zapatillas. \u00abQuer\u00edan a toda costa el auto\u00bb, relat\u00f3 el colectivero.<\/p>\n","protected":false},"author":1,"featured_media":30157,"comment_status":"open","ping_status":"open","sticky":false,"template":"","format":"video","meta":{"colormag_page_container_layout":"default_layout","colormag_page_sidebar_layout":"default_layout","footnotes":""},"categories":[17,12],"tags":[1396,767,74,2824],"class_list":["post-30154","post","type-post","status-publish","format-video","has-post-thumbnail","hentry","category-destacadas","category-policiales","tag-colectivero","tag-la-matanza","tag-robo","tag-virrey-del-pino","post_format-post-format-video"],"_links":{"self":[{"href":"https:\/\/sectorprensa.com.ar\/index.php?rest_route=\/wp\/v2\/posts\/30154","targetHints":{"allow":["GET"]}}],"collection":[{"href":"https:\/\/sectorprensa.com.ar\/index.php?rest_route=\/wp\/v2\/posts"}],"about":[{"href":"https:\/\/sectorprensa.com.ar\/index.php?rest_route=\/wp\/v2\/types\/post"}],"author":[{"embeddable":true,"href":"https:\/\/sectorprensa.com.ar\/index.php?rest_route=\/wp\/v2\/users\/1"}],"replies":[{"embeddable":true,"href":"https:\/\/sectorprensa.com.ar\/index.php?rest_route=%2Fwp%2Fv2%2Fcomments&post=30154"}],"version-history":[{"count":3,"href":"https:\/\/sectorprensa.com.ar\/index.php?rest_route=\/wp\/v2\/posts\/30154\/revisions"}],"predecessor-version":[{"id":30158,"href":"https:\/\/sectorprensa.com.ar\/index.php?rest_route=\/wp\/v2\/posts\/30154\/revisions\/30158"}],"wp:featuredmedia":[{"embeddable":true,"href":"https:\/\/sectorprensa.com.ar\/index.php?rest_route=\/wp\/v2\/media\/30157"}],"wp:attachment":[{"href":"https:\/\/sectorprensa.com.ar\/index.php?rest_route=%2Fwp%2Fv2%2Fmedia&parent=30154"}],"wp:term":[{"taxonomy":"category","embeddable":true,"href":"https:\/\/sectorprensa.com.ar\/index.php?rest_route=%2Fwp%2Fv2%2Fcategories&post=30154"},{"taxonomy":"post_tag","embeddable":true,"href":"https:\/\/sectorprensa.com.ar\/index.php?rest_route=%2Fwp%2Fv2%2Ftags&post=30154"}],"curies":[{"name":"wp","href":"https:\/\/api.w.org\/{rel}","templated":true}]}}