{"id":30212,"date":"2021-02-27T21:21:48","date_gmt":"2021-02-28T00:21:48","guid":{"rendered":"https:\/\/sectorprensa.com.ar\/?p=30212"},"modified":"2021-02-28T10:27:03","modified_gmt":"2021-02-28T13:27:03","slug":"balearon-a-movil-de-gendarmeria-en-la-matanza","status":"publish","type":"post","link":"https:\/\/sectorprensa.com.ar\/?p=30212","title":{"rendered":"BALEARON A M\u00d3VIL DE GENDARMER\u00cdA EN LA MATANZA"},"content":{"rendered":"<p><strong>Un gendarme fue baleado en un brazo cuando desconocidos le efectuaron disparos al m\u00f3vil en el cual patrullaba junto a tres compa\u00f1eros en el partido de La Matanza.<\/strong><\/p>\n<p><!--more--><\/p>\n<p>El hecho ocurri\u00f3 en la esquina de las calles Calder\u00f3n de la Barca y Taf\u00ed, en el l\u00edmite entre las localidades de Gonz\u00e1lez Cat\u00e1n y Gregorio de Laferrere, en ese partido de la zona oeste del Gran Buenos Aires. Voceros policiales informaron a T\u00e9lam que gendarmes de la base operativa 8 de Lomas del Mirador realizaban recorridas en la zona y al llegar a esa intersecci\u00f3n fueron atacados.<\/p>\n<p>Tres disparos impactaron en el patrullero, dos en el parabrisas y otro en la puerta del lado del conductor, y un gendarme identificado por la polic\u00eda como Rodrigo Tom\u00e1s Pereira recibi\u00f3 un balazo en el brazo derecho.<\/p>\n<blockquote class=\"wp-embedded-content\" data-secret=\"xY7wt92yqj\"><p><a href=\"https:\/\/sectorprensa.com.ar\/segundo-detenido-por-el-ataque-al-efectivo-del-grupo-halcon\/\">SEGUNDO DETENIDO POR EL ATAQUE AL EFECTIVO DEL GRUPO HALC\u00d3N<\/a><\/p><\/blockquote>\n<p><iframe loading=\"lazy\" class=\"wp-embedded-content\" sandbox=\"allow-scripts\" security=\"restricted\" style=\"position: absolute; clip: rect(1px, 1px, 1px, 1px);\" title=\"&#8220;SEGUNDO DETENIDO POR EL ATAQUE AL EFECTIVO DEL GRUPO HALC\u00d3N&#8221; &#8212; SECTOR PRENSA\" src=\"https:\/\/sectorprensa.com.ar\/segundo-detenido-por-el-ataque-al-efectivo-del-grupo-halcon\/embed\/#?secret=xY7wt92yqj\" data-secret=\"xY7wt92yqj\" width=\"600\" height=\"338\" frameborder=\"0\" marginwidth=\"0\" marginheight=\"0\" scrolling=\"no\"><\/iframe><\/p>\n<p>Los uniformados no repelieron la agresi\u00f3n y trasladaron de inmediato al herido a la Unidad de Pronta Atenci\u00f3n (UPA) de Villa Dorrego, donde se encontraba estable y fuera de peligro, pero estaba previsto su traslado al hospital Simplemente Evita del Kil\u00f3metro 32 para que le extraigan el proyectil mediante una intervenci\u00f3n quir\u00fargica.<\/p>\n<p>Interviene en la causa el fiscal Marcelo Diomede, a cargo de la Unidad Funcional de Instrucci\u00f3n (UFI) 5 del Departamento Judicial de La Matanza, quien dispuso la presencia de peritos en el lugar del ataque y que las actuaciones las realizara la Gendarmer\u00eda.<\/p>\n<p><em><strong>Fuente: T\u00e9lam<\/strong><\/em><\/p>\n","protected":false},"excerpt":{"rendered":"<p>Un gendarme fue baleado en un brazo cuando desconocidos le efectuaron disparos al m\u00f3vil en el cual patrullaba junto a tres compa\u00f1eros en el partido de La Matanza.<\/p>\n","protected":false},"author":1,"featured_media":30213,"comment_status":"open","ping_status":"open","sticky":false,"template":"","format":"standard","meta":{"colormag_page_container_layout":"default_layout","colormag_page_sidebar_layout":"default_layout","footnotes":""},"categories":[17,12],"tags":[2072,472,767],"class_list":["post-30212","post","type-post","status-publish","format-standard","has-post-thumbnail","hentry","category-destacadas","category-policiales","tag-baleado","tag-gendarmeria","tag-la-matanza"],"_links":{"self":[{"href":"https:\/\/sectorprensa.com.ar\/index.php?rest_route=\/wp\/v2\/posts\/30212","targetHints":{"allow":["GET"]}}],"collection":[{"href":"https:\/\/sectorprensa.com.ar\/index.php?rest_route=\/wp\/v2\/posts"}],"about":[{"href":"https:\/\/sectorprensa.com.ar\/index.php?rest_route=\/wp\/v2\/types\/post"}],"author":[{"embeddable":true,"href":"https:\/\/sectorprensa.com.ar\/index.php?rest_route=\/wp\/v2\/users\/1"}],"replies":[{"embeddable":true,"href":"https:\/\/sectorprensa.com.ar\/index.php?rest_route=%2Fwp%2Fv2%2Fcomments&post=30212"}],"version-history":[{"count":1,"href":"https:\/\/sectorprensa.com.ar\/index.php?rest_route=\/wp\/v2\/posts\/30212\/revisions"}],"predecessor-version":[{"id":30214,"href":"https:\/\/sectorprensa.com.ar\/index.php?rest_route=\/wp\/v2\/posts\/30212\/revisions\/30214"}],"wp:featuredmedia":[{"embeddable":true,"href":"https:\/\/sectorprensa.com.ar\/index.php?rest_route=\/wp\/v2\/media\/30213"}],"wp:attachment":[{"href":"https:\/\/sectorprensa.com.ar\/index.php?rest_route=%2Fwp%2Fv2%2Fmedia&parent=30212"}],"wp:term":[{"taxonomy":"category","embeddable":true,"href":"https:\/\/sectorprensa.com.ar\/index.php?rest_route=%2Fwp%2Fv2%2Fcategories&post=30212"},{"taxonomy":"post_tag","embeddable":true,"href":"https:\/\/sectorprensa.com.ar\/index.php?rest_route=%2Fwp%2Fv2%2Ftags&post=30212"}],"curies":[{"name":"wp","href":"https:\/\/api.w.org\/{rel}","templated":true}]}}