{"id":30236,"date":"2021-03-02T08:31:01","date_gmt":"2021-03-02T11:31:01","guid":{"rendered":"https:\/\/sectorprensa.com.ar\/?p=30236"},"modified":"2021-03-02T08:31:01","modified_gmt":"2021-03-02T11:31:01","slug":"kicillof-la-provincia-no-paro-nunca-de-producir","status":"publish","type":"post","link":"https:\/\/sectorprensa.com.ar\/?p=30236","title":{"rendered":"KICILLOF: \u00abLA PROVINCIA NO PAR\u00d3 NUNCA DE PRODUCIR\u201d"},"content":{"rendered":"<h6><strong>El gobernador de la provincia de Buenos Aires abri\u00f3 el per\u00edodo de sesiones ordinarias en la legislatura bonaerense.<\/strong><\/h6>\n<p><!--more--><\/p>\n<p>El gobernador bonaerense, Axel Kicillof, asegur\u00f3 que la pandemia de coronavirus \u00abno mat\u00f3 nuestros sue\u00f1os y los objetivos de Gobierno\u00bb, sino que, por el contrario, desde la gesti\u00f3n est\u00e1n \u00abponiendo los cimientos para construir la provincia de la pospandemia\u00bb.<\/p>\n<p>\u00abNo me va alcanzar la vida para agradecer a los trabajadores y las trabajadoras de la salud, su trabajo heroico evit\u00f3 una tragedia mayor\u00bb, afirm\u00f3 Kicillof al inaugurar la Asamblea Legislativa en la provincia de Buenos Aires, que abre un nuevo per\u00edodo de sesiones ordinarias de la Legislatura.\u00bbQuiero acompa\u00f1ar a nuestro presidente (Alberto Fern\u00e1ndez) en Naci\u00f3n, y nosotros lo haremos en Provincia: vamos a desdolarizar las tarifas de los servicios p\u00fablicos, no puede ser que sean pagadas en d\u00f3lares\u00bb, remarc\u00f3 Kicillof.<\/p>\n<blockquote class=\"wp-embedded-content\" data-secret=\"Ojus6Rgpnk\"><p><a href=\"https:\/\/sectorprensa.com.ar\/elsa-la-vacunada-numero-un-millon-en-el-pais\/\">ELSA, LA VACUNADA N\u00daMERO UN MILL\u00d3N EN EL PA\u00cdS<\/a><\/p><\/blockquote>\n<p><iframe loading=\"lazy\" class=\"wp-embedded-content\" sandbox=\"allow-scripts\" security=\"restricted\" style=\"position: absolute; clip: rect(1px, 1px, 1px, 1px);\" title=\"&#8220;ELSA, LA VACUNADA N\u00daMERO UN MILL\u00d3N EN EL PA\u00cdS&#8221; &#8212; SECTOR PRENSA\" src=\"https:\/\/sectorprensa.com.ar\/elsa-la-vacunada-numero-un-millon-en-el-pais\/embed\/#?secret=Ojus6Rgpnk\" data-secret=\"Ojus6Rgpnk\" width=\"600\" height=\"338\" frameborder=\"0\" marginwidth=\"0\" marginheight=\"0\" scrolling=\"no\"><\/iframe><\/p>\n<p>El mandatario bonaerense detall\u00f3 las acciones puestas en marcha por su gesti\u00f3n para reforzar el sistema sanitario ante la pandemia, lo que, destac\u00f3, permiti\u00f3 evitar miles de muertes, y asever\u00f3 que \u00abla Provincia no par\u00f3 nunca de producir, es la locomotora de Argentina. Es el coraz\u00f3n productivo de la Argentina, siempre y en medio de la pandemia priorizamos la mayor producci\u00f3n posible, La Provincia es la locomotora de Argentina y no par\u00f3 nunca\u00bb, insisti\u00f3.<\/p>\n<p>Kicilllof, afirm\u00f3 que la pandemia de coronavirus \u00abmodific\u00f3 el mapa del delito\u00bb y sostuvo que, si bien hubo una baja de los hechos prevenibles, crecieron los il\u00edcitos no prevenibles, que incluyen las violencias de g\u00e9nero. \u00abLa pandemia modific\u00f3 el mapa del delito y la forma del delito. El delito prevenible, en promedio mensual, se redujo de 22 mil a 14 mil en el \u00faltimo semestre de 2020 con respecto a similar per\u00edodo del 2019, pero los delitos no prevenibles, que incluyen la violencia familiar y las violencias de g\u00e9nero, crecieron de 20 a 30 mil, en similar per\u00edodo\u00bb, precis\u00f3 el mandatario bonaerense en la Asamblea Legislativa que se desarrollaba para inaugurar un nuevo per\u00edodo de sesiones de la Legislatura.<\/p>\n","protected":false},"excerpt":{"rendered":"<p>El gobernador de la provincia de Buenos Aires abri\u00f3 el per\u00edodo de sesiones ordinarias en la legislatura bonaerense.<\/p>\n","protected":false},"author":1,"featured_media":30237,"comment_status":"open","ping_status":"open","sticky":false,"template":"","format":"standard","meta":{"colormag_page_container_layout":"default_layout","colormag_page_sidebar_layout":"default_layout","footnotes":""},"categories":[1,8,18],"tags":[4976,3337],"class_list":["post-30236","post","type-post","status-publish","format-standard","has-post-thumbnail","hentry","category-destacado","category-politica","category-provincia","tag-apertura-de-sesiones-ordinarias","tag-axel-kicillof"],"_links":{"self":[{"href":"https:\/\/sectorprensa.com.ar\/index.php?rest_route=\/wp\/v2\/posts\/30236","targetHints":{"allow":["GET"]}}],"collection":[{"href":"https:\/\/sectorprensa.com.ar\/index.php?rest_route=\/wp\/v2\/posts"}],"about":[{"href":"https:\/\/sectorprensa.com.ar\/index.php?rest_route=\/wp\/v2\/types\/post"}],"author":[{"embeddable":true,"href":"https:\/\/sectorprensa.com.ar\/index.php?rest_route=\/wp\/v2\/users\/1"}],"replies":[{"embeddable":true,"href":"https:\/\/sectorprensa.com.ar\/index.php?rest_route=%2Fwp%2Fv2%2Fcomments&post=30236"}],"version-history":[{"count":1,"href":"https:\/\/sectorprensa.com.ar\/index.php?rest_route=\/wp\/v2\/posts\/30236\/revisions"}],"predecessor-version":[{"id":30238,"href":"https:\/\/sectorprensa.com.ar\/index.php?rest_route=\/wp\/v2\/posts\/30236\/revisions\/30238"}],"wp:featuredmedia":[{"embeddable":true,"href":"https:\/\/sectorprensa.com.ar\/index.php?rest_route=\/wp\/v2\/media\/30237"}],"wp:attachment":[{"href":"https:\/\/sectorprensa.com.ar\/index.php?rest_route=%2Fwp%2Fv2%2Fmedia&parent=30236"}],"wp:term":[{"taxonomy":"category","embeddable":true,"href":"https:\/\/sectorprensa.com.ar\/index.php?rest_route=%2Fwp%2Fv2%2Fcategories&post=30236"},{"taxonomy":"post_tag","embeddable":true,"href":"https:\/\/sectorprensa.com.ar\/index.php?rest_route=%2Fwp%2Fv2%2Ftags&post=30236"}],"curies":[{"name":"wp","href":"https:\/\/api.w.org\/{rel}","templated":true}]}}