{"id":30514,"date":"2021-03-18T11:51:21","date_gmt":"2021-03-18T14:51:21","guid":{"rendered":"https:\/\/sectorprensa.com.ar\/?p=30514"},"modified":"2021-03-18T11:51:21","modified_gmt":"2021-03-18T14:51:21","slug":"el-personal-policial-ahora-podra-maquillarse-pintarse-las-unas-y-usar-barba","status":"publish","type":"post","link":"https:\/\/sectorprensa.com.ar\/?p=30514","title":{"rendered":"EL PERSONAL POLICIAL AHORA PODR\u00c1 MAQUILLARSE, PINTARSE LAS U\u00d1AS Y USAR BARBA"},"content":{"rendered":"<h6><strong>El prop\u00f3sito de la medida es \u201campliar derechos\u201d y desde la entidad afirman que buscan as\u00ed \u201cevitar basarse en estereotipos y centrarse en la operatividad de la labor policial.<\/strong><\/h6>\n<p><!--more--><\/p>\n<p>Los agentes de la polic\u00eda podr\u00e1n, a partir de ahora, pintarse las u\u00f1as, maquillarse, usar barba y develar sus tatuajes, entre otras nuevas disposiciones que integran el nuevo reglamento de uniformes no binario que present\u00f3 la Polic\u00eda de Seguridad Aeroportuaria (PSA). Los h\u00e1bitos, las costumbres y las normalidades cambian. Los paradigmas tambi\u00e9n. El prop\u00f3sito de la medida es \u201campliar derechos\u201d y desde la entidad afirman que buscan as\u00ed \u201cevitar basarse en estereotipos y centrarse en la operatividad de la labor policial, promoviendo el respeto por el trato digno y la identidad autopercibida de las y los integrantes de la fuerza que depende del Ministerio de Seguridad de la Naci\u00f3n\u201d.<\/p>\n<p>La idea surgi\u00f3 de la demanda de un oficial, quien en plena transici\u00f3n hacia su identidad autopercibida, deseaba pintarse las u\u00f1as y delinearse los ojos. La oficial trans sab\u00eda que pod\u00eda exponerse a eventuales sanciones dado que ambos actos no eran admitidos por el reglamento de la fuerza. Su consulta fue el disparador de una mesa de trabajo que incluy\u00f3 a toda la estructura operacional de conducci\u00f3n y que se realiz\u00f3 la semana pasada en un encuentro regional en Paran\u00e1, Entre R\u00edos, sobre \u201clabor policial, perspectiva de g\u00e9nero e inclusi\u00f3n\u201d, que estuvo encabezado por el director nacional de la fuerza, Jos\u00e9 Alejandro Glinski; la vice intendenta de Paran\u00e1, Andrea Zoff; y la directora nacional de Econom\u00eda, Igualdad y G\u00e9nero del Ministerio de Econom\u00eda de la Naci\u00f3n, Mercedes D\u2019 Alessandro.<\/p>\n","protected":false},"excerpt":{"rendered":"<p>El prop\u00f3sito de la medida es \u201campliar derechos\u201d y desde la entidad afirman que buscan as\u00ed \u201cevitar basarse en estereotipos y centrarse en la operatividad de la labor policial.<\/p>\n","protected":false},"author":1,"featured_media":30515,"comment_status":"open","ping_status":"open","sticky":false,"template":"","format":"standard","meta":{"colormag_page_container_layout":"default_layout","colormag_page_sidebar_layout":"default_layout","footnotes":""},"categories":[17,12,10],"tags":[5010],"class_list":["post-30514","post","type-post","status-publish","format-standard","has-post-thumbnail","hentry","category-destacadas","category-policiales","category-sociedad","tag-personal-policial"],"_links":{"self":[{"href":"https:\/\/sectorprensa.com.ar\/index.php?rest_route=\/wp\/v2\/posts\/30514","targetHints":{"allow":["GET"]}}],"collection":[{"href":"https:\/\/sectorprensa.com.ar\/index.php?rest_route=\/wp\/v2\/posts"}],"about":[{"href":"https:\/\/sectorprensa.com.ar\/index.php?rest_route=\/wp\/v2\/types\/post"}],"author":[{"embeddable":true,"href":"https:\/\/sectorprensa.com.ar\/index.php?rest_route=\/wp\/v2\/users\/1"}],"replies":[{"embeddable":true,"href":"https:\/\/sectorprensa.com.ar\/index.php?rest_route=%2Fwp%2Fv2%2Fcomments&post=30514"}],"version-history":[{"count":1,"href":"https:\/\/sectorprensa.com.ar\/index.php?rest_route=\/wp\/v2\/posts\/30514\/revisions"}],"predecessor-version":[{"id":30516,"href":"https:\/\/sectorprensa.com.ar\/index.php?rest_route=\/wp\/v2\/posts\/30514\/revisions\/30516"}],"wp:featuredmedia":[{"embeddable":true,"href":"https:\/\/sectorprensa.com.ar\/index.php?rest_route=\/wp\/v2\/media\/30515"}],"wp:attachment":[{"href":"https:\/\/sectorprensa.com.ar\/index.php?rest_route=%2Fwp%2Fv2%2Fmedia&parent=30514"}],"wp:term":[{"taxonomy":"category","embeddable":true,"href":"https:\/\/sectorprensa.com.ar\/index.php?rest_route=%2Fwp%2Fv2%2Fcategories&post=30514"},{"taxonomy":"post_tag","embeddable":true,"href":"https:\/\/sectorprensa.com.ar\/index.php?rest_route=%2Fwp%2Fv2%2Ftags&post=30514"}],"curies":[{"name":"wp","href":"https:\/\/api.w.org\/{rel}","templated":true}]}}