{"id":30568,"date":"2021-03-22T12:54:43","date_gmt":"2021-03-22T15:54:43","guid":{"rendered":"https:\/\/sectorprensa.com.ar\/?p=30568"},"modified":"2021-03-22T15:10:27","modified_gmt":"2021-03-22T18:10:27","slug":"ituzaingo-pablo-brizuela-se-impuso-en-las-elecciones-de-la-ucr","status":"publish","type":"post","link":"https:\/\/sectorprensa.com.ar\/?p=30568","title":{"rendered":"ITUZAING\u00d3: PABLO BRIZUELA SE IMPUSO EN LAS ELECCIONES DE LA UCR"},"content":{"rendered":"<p><strong>El dirigente radical se impuso al oficialismo encabezado por Alejandro Artu\u00f1a, y la UCR tiene nueva conducci\u00f3n en el distrito.<\/strong><\/p>\n<p><!--more--><\/p>\n<p>El Radicalismo cambi\u00f3 de manos en Ituzaing\u00f3. En las elecciones de Comit\u00e9 se impuso Pablo Brizuela por 287 votos a 220 de Alejandro Antu\u00f1a.<\/p>\n<p>El candidato de la lista de Maxi Abad le aportar\u00e1 renovaci\u00f3n a la UCR a nivel local y apunta a una impronta distinta.<\/p>\n<p>Adem\u00e1s, Solange Lorenzo gan\u00f3 por la Juventud Radical y cabe destacar que Brizuela derrot\u00f3 al oficialismo que tiene dos concejales (Galassi y Meske), dato no menor y que realza el triunfo del joven referente de la UCR local.<\/p>\n<figure id=\"attachment_30573\" aria-describedby=\"caption-attachment-30573\" style=\"width: 566px\" class=\"wp-caption alignnone\"><img loading=\"lazy\" decoding=\"async\" class=\"wp-image-30573\" src=\"https:\/\/sectorprensa.com.ar\/wp-content\/uploads\/2021\/03\/WhatsApp-Image-2021-03-22-at-1.01.45-PM-1024x682.jpeg\" alt=\"Brizuela y Lorenzo. La UCR cambi\u00f3 de manos en Ituzaing\u00f3. \" width=\"566\" height=\"377\" srcset=\"https:\/\/sectorprensa.com.ar\/wp-content\/uploads\/2021\/03\/WhatsApp-Image-2021-03-22-at-1.01.45-PM-1024x682.jpeg 1024w, https:\/\/sectorprensa.com.ar\/wp-content\/uploads\/2021\/03\/WhatsApp-Image-2021-03-22-at-1.01.45-PM-300x200.jpeg 300w, https:\/\/sectorprensa.com.ar\/wp-content\/uploads\/2021\/03\/WhatsApp-Image-2021-03-22-at-1.01.45-PM-768x512.jpeg 768w, https:\/\/sectorprensa.com.ar\/wp-content\/uploads\/2021\/03\/WhatsApp-Image-2021-03-22-at-1.01.45-PM.jpeg 1280w\" sizes=\"auto, (max-width: 566px) 100vw, 566px\" \/><figcaption id=\"caption-attachment-30573\" class=\"wp-caption-text\">Brizuela y Lorenzo. La UCR cambi\u00f3 de manos en Ituzaing\u00f3<\/figcaption><\/figure>\n","protected":false},"excerpt":{"rendered":"<p>El dirigente radical se impuso al oficialismo encabezado por Alejandro Artu\u00f1a, y la UCR tiene nueva conducci\u00f3n en el distrito.<\/p>\n","protected":false},"author":1,"featured_media":30569,"comment_status":"open","ping_status":"open","sticky":false,"template":"","format":"standard","meta":{"colormag_page_container_layout":"default_layout","colormag_page_sidebar_layout":"default_layout","footnotes":""},"categories":[17,4,8],"tags":[49,419,417],"class_list":["post-30568","post","type-post","status-publish","format-standard","has-post-thumbnail","hentry","category-destacadas","category-ituzaingo","category-politica","tag-ituzaingo","tag-pablo-brizuela","tag-ucr"],"_links":{"self":[{"href":"https:\/\/sectorprensa.com.ar\/index.php?rest_route=\/wp\/v2\/posts\/30568","targetHints":{"allow":["GET"]}}],"collection":[{"href":"https:\/\/sectorprensa.com.ar\/index.php?rest_route=\/wp\/v2\/posts"}],"about":[{"href":"https:\/\/sectorprensa.com.ar\/index.php?rest_route=\/wp\/v2\/types\/post"}],"author":[{"embeddable":true,"href":"https:\/\/sectorprensa.com.ar\/index.php?rest_route=\/wp\/v2\/users\/1"}],"replies":[{"embeddable":true,"href":"https:\/\/sectorprensa.com.ar\/index.php?rest_route=%2Fwp%2Fv2%2Fcomments&post=30568"}],"version-history":[{"count":4,"href":"https:\/\/sectorprensa.com.ar\/index.php?rest_route=\/wp\/v2\/posts\/30568\/revisions"}],"predecessor-version":[{"id":30574,"href":"https:\/\/sectorprensa.com.ar\/index.php?rest_route=\/wp\/v2\/posts\/30568\/revisions\/30574"}],"wp:featuredmedia":[{"embeddable":true,"href":"https:\/\/sectorprensa.com.ar\/index.php?rest_route=\/wp\/v2\/media\/30569"}],"wp:attachment":[{"href":"https:\/\/sectorprensa.com.ar\/index.php?rest_route=%2Fwp%2Fv2%2Fmedia&parent=30568"}],"wp:term":[{"taxonomy":"category","embeddable":true,"href":"https:\/\/sectorprensa.com.ar\/index.php?rest_route=%2Fwp%2Fv2%2Fcategories&post=30568"},{"taxonomy":"post_tag","embeddable":true,"href":"https:\/\/sectorprensa.com.ar\/index.php?rest_route=%2Fwp%2Fv2%2Ftags&post=30568"}],"curies":[{"name":"wp","href":"https:\/\/api.w.org\/{rel}","templated":true}]}}