{"id":30653,"date":"2021-03-27T18:00:48","date_gmt":"2021-03-27T21:00:48","guid":{"rendered":"https:\/\/sectorprensa.com.ar\/?p=30653"},"modified":"2021-03-27T18:05:41","modified_gmt":"2021-03-27T21:05:41","slug":"prefiero-retirarme-dentro-de-una-cancha-no-en-una-pandemia","status":"publish","type":"post","link":"https:\/\/sectorprensa.com.ar\/?p=30653","title":{"rendered":"\u201cPREFIERO RETIRARME DENTRO DE UNA CANCHA, NO EN UNA PANDEMIA\u201d"},"content":{"rendered":"<h6><strong>Sector Prensa dialog\u00f3 con Ariel Cafferata, el hist\u00f3rico jugador de Deportivo Laferrere eludi\u00f3 el retiro durante la pandemia. El defensor nos cont\u00f3 sobre \u00abGarrafa\u00bb S\u00e1nchez y el record de Bochini que super\u00f3 jugando en la C.<\/strong><\/h6>\n<p><!--more--><\/p>\n<p>En un f\u00fatbol donde se acostumbra a ver a los jugadores cambiando de equipo de manera muy seguida, a\u00fan se siguen viendo historias de \u00ablealtad\u00bb hacia un club. As\u00ed como Ricardo Bochini en Independiente, Carles Puyol en Barcelona, Francesco Totti en Roma, entre otros, Ariel Cafferata lleva m\u00e1s de 20 a\u00f1os jugando en Deportivo Laferrere. Entrevistamos al \u00abChino\u00bb, hist\u00f3rico defensor del Villero, que nos cont\u00f3 acerca de su vida, el r\u00e9cord batido al mismo \u00abBocha\u00bb vistiendo la camiseta (m\u00e1s de 638 partidos jugados), el retiro, su recuerdo del ascenso con la instituci\u00f3n en quiebra y de \u00abGarrafa\u00bb S\u00e1nchez.<\/p>\n<p><strong>SP: &#8211; \u00bfC\u00f3mo comenz\u00f3 tu carrera e historia con Laferrere?<\/strong><\/p>\n<p>AC: &#8211; Yo viv\u00eda a cinco cuadras de la cancha, con mi viejo \u00edbamos a ver siempre los partidos de Lafe cuando era chiquito. Con los amigos del barrio nos fuimos a probar, una travesura de pibes. Ah\u00ed empec\u00e9 a jugar en el baby del club, despu\u00e9s pas\u00e9 a la cancha grande. Iban pasando los a\u00f1os y sub\u00eda en las inferiores. Cuando llegu\u00e9 a quinta, ya me subieron a la reserva. Estuve poco tiempo ah\u00ed, a los 17, ya estaba jugando mis primeros partidos en Primera en el a\u00f1o \u00b497. Bastante tiempo pas\u00f3 hasta ahora.<\/p>\n<p><strong>&#8211; \u00bfQu\u00e9 te acord\u00e1s de cuando ibas a la cancha con tu pap\u00e1?<\/strong><\/p>\n<p>&#8211; Cuando pis\u00e9 la cancha por primera vez con mi viejo, la verdad que qued\u00e9 deslumbrado, ya nos hicimos hinchas desde ese momento. Desde aquel d\u00eda, Laferrere se me meti\u00f3 en el coraz\u00f3n. A mi viejo le dec\u00eda que iba a jugar en esa cancha, en Primera. Poder cumplirlo fue algo muy lindo para \u00e9l, para todos, que me apoyaron en todo momento. Esa an\u00e9cdota todav\u00eda me la sigue repitiendo \u00e9l cuando nos juntamos, que yo le dec\u00eda que iba a jugar ah\u00ed. Estoy agradecido a mi familia por el apoyo, porque no es f\u00e1cil.<\/p>\n<p><strong>&#8211; \u00bfEs verdad que tu familia no te presion\u00f3 con buscar trabajo y dej\u00f3 que te dediques al f\u00fatbol?<\/strong><\/p>\n<p>&#8211; Siempre me apoyaron en el f\u00fatbol. Era una situaci\u00f3n dif\u00edcil, tambi\u00e9n. No \u00e9ramos una familia que tiraba manteca al techo, pero era todo muy sacrificado. Mi viejo laburaba, se iba a las cuatro de la ma\u00f1ana y volv\u00eda a las diez de la noche. Mi vieja, a veces, iba a trabajar en las casas para limpiar. Ellos ponen primero el estudio, es lo que nos inculcaron, que estudiemos. Cuando arranqu\u00e9 con el club se fueron enganchando, tuve la suerte de debutar muy chico. Eso tambi\u00e9n me ayud\u00f3 bastante, porque llega una edad donde antes era el estudio o trabajo, no como ahora que capaz podes hacer las dos cosas o te bancan un poco m\u00e1s. Yo tuve suerte, eso me ayud\u00f3 a poder darle una mano a mi familia, empec\u00e9 a cobrar mis primeros sueldos, que no era mucho, pero era un ingreso m\u00e1s y los ayudaba como ellos hicieron conmigo.<\/p>\n<p><b>&#8211; Hoy que ven la carrera que hiciste \u00bfQu\u00e9 te dicen y qu\u00e9 pasa por tu cabeza?<\/b><\/p>\n<p>&#8211; Ellos, orgullosos. Me acompa\u00f1aron siempre, estuvieron y se sienten bien, ven el sacrificio que hicieron e hice yo para conseguir algo que a muchos no les toca. Hoy ser un jugador conocido, no s\u00f3lo en Laferrere, tambi\u00e9n en el ascenso, a ellos los llena de orgullo. A todos, mi familia, mis hijos, mi se\u00f1ora. Creen que todo el sacrificio que hice tuvo sus resultados, uno cuando camina por la zona la gente te hace sentir su cari\u00f1o, el agradecimiento por todos estos a\u00f1os. Eso te llena de orgullo, es impagable e importante para un jugador de ascenso como yo, que no tuvo la posibilidad de jugar en Primera Divisi\u00f3n y de llenarse los bolsillos de plata. Pero bueno, siempre trat\u00e9 de dar lo mejor desde el lugar que le toc\u00f3. Estoy agradecido al f\u00fatbol y Laferrere.<\/p>\n<p><strong>&#8211; Sos el Bochini del ascenso, as\u00ed te empez\u00f3 a llamar mucha gente, \u00bfno?<\/strong><\/p>\n<p>&#8211; Si, la mayor\u00eda me dice as\u00ed por el r\u00e9cord que pas\u00e9. Para m\u00ed, que me conozcan en otros lados, otras canchas, como me pasa, ya es lo m\u00e1s. Eso quiere decir que en todos estos a\u00f1os, no es solamente si lo hice bien o mal, sino el respeto que me tienen. Eso se gana con la humildad, creo que fui un jugador humilde, donde siempre di lo mejor y nunca quise sacar ventaja, eso tambi\u00e9n se reconoce. Cuando me toca ir a una cancha visitante, la gente te saluda o te reconoce la trayectoria. No solamente la gente de Laferrere, sino de otros clubes. El otro d\u00eda, cuando fui a Ituzaing\u00f3, se acercaban a saludar. Eso no se gana f\u00e1cil, pero yo, gracias a Dios, me lo gan\u00e9 y lo disfruto. Es muy dif\u00edcil hoy que te pase esto, hay muchos que tienen la mala suerte de pasar desapercibido, a pesar de jugar tantos a\u00f1os.<\/p>\n<p><img loading=\"lazy\" decoding=\"async\" class=\"alignnone size-full wp-image-30654\" src=\"https:\/\/sectorprensa.com.ar\/wp-content\/uploads\/2021\/03\/WhatsApp-Image-2021-03-27-at-12.17.29-PM-1.jpeg\" alt=\"\" width=\"540\" height=\"533\" srcset=\"https:\/\/sectorprensa.com.ar\/wp-content\/uploads\/2021\/03\/WhatsApp-Image-2021-03-27-at-12.17.29-PM-1.jpeg 540w, https:\/\/sectorprensa.com.ar\/wp-content\/uploads\/2021\/03\/WhatsApp-Image-2021-03-27-at-12.17.29-PM-1-300x296.jpeg 300w\" sizes=\"auto, (max-width: 540px) 100vw, 540px\" \/><\/p>\n<p><strong>&#8211; \u00bfTe contact\u00f3 el \u00abBocha\u00bb cuando superaste su r\u00e9cord?<\/strong><\/p>\n<p>&#8211; Si, me llam\u00f3 y felicit\u00f3. Un fen\u00f3meno. Aparte \u00e9l ven\u00eda a ver a Laferrere, era amigo del \u00abTano\u00bb Passini cuando dirig\u00eda, as\u00ed que ven\u00eda a la cancha de vez en cuando. Lo ve\u00eda seguido. Cuando me llam\u00f3, fue algo muy lindo, son recuerdos que te quedan en el paso del f\u00fatbol. Me sorprendi\u00f3, muy lindo gesto.<\/p>\n<p><strong>&#8211; Hablando de grandes jugadores, te toc\u00f3 compartir cancha con \u00abGarrafa\u00bb<\/strong> <strong>S\u00e1nchez.<\/strong><\/p>\n<p>&#8211; Tuve la suerte de compartir lo \u00faltimo de \u00abGarrafa\u00bb en Laferrere. Compart\u00ed auto, porque me llevaba a entrenar con \u00e9l. Un loco bueno, como le dec\u00edan todos, ten\u00eda humildad, era un nene y lo disfrutaba mucho. Ven\u00eda a entrenar con alegr\u00eda, nos llenaba a todos, nos contagiaba esa felicidad. Tuve la suerte de compartir cancha, vestuario y viaje de entrenamiento.<\/p>\n<p><strong>&#8211; \u00bfQu\u00e9 record\u00e1s del ascenso de Lafe a la B Metro? \u00bfC\u00f3mo se sali\u00f3 adelante con un club en quiebra?<\/strong><\/p>\n<p>&#8211; El sacrificio que hizo todo el plantel, cuerpo t\u00e9cnico, dirigentes y los hinchas. El club estaba al borde de la desaparici\u00f3n, no ten\u00edamos nada, est\u00e1bamos en quiebra. Se logr\u00f3 un campeonato que nadie lo esperaba, con mucho sacrificio y no hab\u00eda un peso. Cuando gan\u00e1bamos un partido, nos llev\u00e1bamos una bolsa de mercader\u00eda como premio porque ten\u00edamos un auspiciante de un supermercado y nos donaba eso si gan\u00e1bamos un partido. Para nosotros era como llevarnos plata. Era muy dif\u00edcil hacer las pretemporadas, a veces no ten\u00eda lugar para entrenar ni ropa. Todo el plantel le puso el pecho y logramos algo que fue muy de nosotros, los hinchas y dirigentes nos apoyaron mucho. Fue festejado de la manera que lo ganamos, con el sacrificio, se consigui\u00f3 un objetivo que vali\u00f3 m\u00e1s que la plata.<\/p>\n<p><strong>&#8211; \u00bfTe llegaron ofertas para dejar el club?<\/strong><\/p>\n<p>&#8211; Si, tuve algunas ofertas, pero el club estaba en quiebra. Estaba manejado por una jueza de un juzgado, y cuando me llegaba una propuesta, ella quer\u00eda vender jugadores pero era dif\u00edcil que compren a un jugador del ascenso, m\u00e1s de la C. Por ah\u00ed se me ca\u00edan las ofertas, pero tuve varias posibilidades de irme. Pude haberme ido a Almagro en el Nacional B, Sarmiento de Jun\u00edn, Platense, equipos importantes de la categor\u00eda. No se pudo dar, la situaci\u00f3n del club no me acompa\u00f1\u00f3 o ayud\u00f3 a progresar e ir a probar suerte en otro lado. Como le digo a todos, las cosas pasan por algo. Si hubiera cambiado de club, no s\u00e9 como hubiera terminado. Los a\u00f1os pasaron y yo me qued\u00e9 ac\u00e1, ya de grande es muy dif\u00edcil irse y estoy al borde del fin de mi carrera. Estoy disfrutando los \u00faltimos momentos que me quedan, no me reprocho nada, porque el f\u00fatbol tiene esto, a veces ten\u00e9s suerte y otras no. Por ah\u00ed me queda la espina de que hubiera pasado si cambiaba de club, donde habr\u00eda llegado.<\/p>\n<p><img loading=\"lazy\" decoding=\"async\" class=\"alignnone size-full wp-image-30655\" src=\"https:\/\/sectorprensa.com.ar\/wp-content\/uploads\/2021\/03\/WhatsApp-Image-2021-03-27-at-12.17.29-PM-2.jpeg\" alt=\"\" width=\"540\" height=\"529\" srcset=\"https:\/\/sectorprensa.com.ar\/wp-content\/uploads\/2021\/03\/WhatsApp-Image-2021-03-27-at-12.17.29-PM-2.jpeg 540w, https:\/\/sectorprensa.com.ar\/wp-content\/uploads\/2021\/03\/WhatsApp-Image-2021-03-27-at-12.17.29-PM-2-300x294.jpeg 300w\" sizes=\"auto, (max-width: 540px) 100vw, 540px\" \/><\/p>\n<p><strong>&#8211; \u00bfSe puede decir que es amor y esfuerzo lo que hiciste para quedarte tanto tiempo? Se sabe que en el ascenso no hay grandes sueldos.<\/strong><\/p>\n<p>&#8211; Se puede decir que s\u00ed. Es dif\u00edcil jugar en el ascenso, los sueldos no son muy altos, pero a veces es lo que hay. Hoy quiz\u00e1s es un poco m\u00e1s f\u00e1cil que un jugador del ascenso llegue a Primera Divisi\u00f3n o pueda emigrar al exterior, antes era muy dif\u00edcil y no era tan visto. Como habl\u00e1bamos con unos compa\u00f1eros, que nos toc\u00f3 vivir eso, nacimos en una \u00e9poca dif\u00edcil del f\u00fatbol, hoy cambi\u00f3 bastante y es m\u00e1s f\u00e1cil llegar a clubes importantes. Lo vivido queda en el recuerdo, gracias a Dios me quedan muchos muy lindos.<\/p>\n<p><strong>&#8211; \u00bfLa pandemia te pudo haber retirado?<\/strong><\/p>\n<p>&#8211; Durante la pandemia, si, se me cruz\u00f3 por la cabeza. Fue una situaci\u00f3n dif\u00edcil, donde iba a costar volver, y es lo que me pas\u00f3, porque uno dec\u00eda que iban a ser uno o dos meses y ya volvemos. Iba pasando el tiempo y cada vez era m\u00e1s dif\u00edcil la vuelta, cuando volvimos me cost\u00f3 un mont\u00f3n en la parte f\u00edsica. Ve\u00eda muchos jugadores que tomaban esa decisi\u00f3n, uno lo analizaba. Despu\u00e9s, pensando, y lo r\u00e1pido que me puse bien en lo f\u00edsico me ayud\u00f3 a reflexionar y decir \u00abvamos a jugar un a\u00f1o m\u00e1s\u00bb. Prefiero retirarme de la mejor manera, no en una pandemia, sino dentro de una cancha y jugando.<\/p>\n<p><strong>&#8211; Cuando dec\u00edas de jugar un a\u00f1o m\u00e1s, \u00bfquiere decir que te pusiste una fecha de retiro?<\/strong><\/p>\n<p>&#8211; Yo siempre digo lo mismo, hace a\u00f1os que vengo diciendo \u00abun a\u00f1o m\u00e1s\u00bb, pero termina el a\u00f1o y sigo otro m\u00e1s. Uno quiere terminar este a\u00f1o, despu\u00e9s en las vacaciones ponerse a pensar y vamos a ver qu\u00e9 decisi\u00f3n tomar. Durante el transcurso del a\u00f1o tengo que pensar en, primero hacer bien el trabajo en el club y despu\u00e9s ver otras opciones para cuando me retire. Quiero tener todo planeado para retirarme y no deambular por todos lados, sino tener alg\u00fan proyecto. Todos los a\u00f1os digo lo mismo, pero la fecha de retiro no es exacta. Pero vamos a ver c\u00f3mo termina el a\u00f1o y mis ganas, que influye mucho.<\/p>\n<p><strong>&#8211; \u00bfTe pusiste un negocio en la cuarentena?<\/strong><\/p>\n<p>&#8211; En realidad lo pusimos antes de la cuarentena, el a\u00f1o anterior. Una cafeter\u00eda, ac\u00e1 en Laferrere. Lo pusimos con mi se\u00f1ora, nos agarr\u00f3 la cuarentena y tuvimos que subsistir como pudimos. Fue muy sacrificado, pero lo tratamos de mantener, lo pudimos hacer y todav\u00eda est\u00e1 abierto. Despu\u00e9s de un a\u00f1o dif\u00edcil, en el primer a\u00f1o cost\u00f3 porque reci\u00e9n abr\u00edamos, y cuando parec\u00eda que ibamos a mejorar un poquito, nos toc\u00f3 la cuarentena. Ahora est\u00e1 mi se\u00f1ora manejando el negocio, trato de ayudarlas en algunas cosas.<\/p>\n<p><strong>&#8211; \u00bfTe gustar\u00eda seguir ligado a Laferrere despu\u00e9s del retiro?<\/strong><\/p>\n<p>&#8211; Si, puede ser. Son muchos a\u00f1os que estoy ligado al club, conozco a todos, ser\u00eda una posibilidad. Ahora trato de disfrutar los \u00faltimos momentos de mi carrera, de estar tranquilo en lo que hago, enfocarme en esto y despu\u00e9s si se da esa posibilidad, encantado. Me gustar\u00eda trabajar en el club, poder brindarle todo lo que aprend\u00ed en estos a\u00f1os y ayudar que tambi\u00e9n ser\u00eda importante.<\/p>\n<p><strong>&#8211; \u00bfCu\u00e1l ser\u00eda el cierre so\u00f1ado para tu carrera?<\/strong><\/p>\n<p>&#8211; Primero, tratar de salir campe\u00f3n y ascender otra vez con este club. Eso ser\u00eda una ayudita para poder tomar esa decisi\u00f3n. Si se logra cerrar con un campeonato, para m\u00ed ser\u00eda lo m\u00e1ximo.<\/p>\n<p><em><strong>Por: Ezequiel Olivera\u00a0<\/strong><\/em><\/p>\n","protected":false},"excerpt":{"rendered":"<p>Sector Prensa dialog\u00f3 con Ariel Cafferata, el hist\u00f3rico jugador de Deportivo Laferrere eludi\u00f3 el retiro durante la pandemia. El defensor<\/p>\n","protected":false},"author":1,"featured_media":30656,"comment_status":"open","ping_status":"open","sticky":false,"template":"","format":"standard","meta":{"colormag_page_container_layout":"default_layout","colormag_page_sidebar_layout":"default_layout","footnotes":""},"categories":[11,17],"tags":[5024,5023,4312,5025],"class_list":["post-30653","post","type-post","status-publish","format-standard","has-post-thumbnail","hentry","category-deportes","category-destacadas","tag-ariel-cafferata","tag-deportivo-laferrere","tag-pandemia","tag-ricardo-bochini"],"_links":{"self":[{"href":"https:\/\/sectorprensa.com.ar\/index.php?rest_route=\/wp\/v2\/posts\/30653","targetHints":{"allow":["GET"]}}],"collection":[{"href":"https:\/\/sectorprensa.com.ar\/index.php?rest_route=\/wp\/v2\/posts"}],"about":[{"href":"https:\/\/sectorprensa.com.ar\/index.php?rest_route=\/wp\/v2\/types\/post"}],"author":[{"embeddable":true,"href":"https:\/\/sectorprensa.com.ar\/index.php?rest_route=\/wp\/v2\/users\/1"}],"replies":[{"embeddable":true,"href":"https:\/\/sectorprensa.com.ar\/index.php?rest_route=%2Fwp%2Fv2%2Fcomments&post=30653"}],"version-history":[{"count":2,"href":"https:\/\/sectorprensa.com.ar\/index.php?rest_route=\/wp\/v2\/posts\/30653\/revisions"}],"predecessor-version":[{"id":30658,"href":"https:\/\/sectorprensa.com.ar\/index.php?rest_route=\/wp\/v2\/posts\/30653\/revisions\/30658"}],"wp:featuredmedia":[{"embeddable":true,"href":"https:\/\/sectorprensa.com.ar\/index.php?rest_route=\/wp\/v2\/media\/30656"}],"wp:attachment":[{"href":"https:\/\/sectorprensa.com.ar\/index.php?rest_route=%2Fwp%2Fv2%2Fmedia&parent=30653"}],"wp:term":[{"taxonomy":"category","embeddable":true,"href":"https:\/\/sectorprensa.com.ar\/index.php?rest_route=%2Fwp%2Fv2%2Fcategories&post=30653"},{"taxonomy":"post_tag","embeddable":true,"href":"https:\/\/sectorprensa.com.ar\/index.php?rest_route=%2Fwp%2Fv2%2Ftags&post=30653"}],"curies":[{"name":"wp","href":"https:\/\/api.w.org\/{rel}","templated":true}]}}