{"id":30845,"date":"2021-04-13T18:25:58","date_gmt":"2021-04-13T21:25:58","guid":{"rendered":"https:\/\/sectorprensa.com.ar\/?p=30845"},"modified":"2021-04-14T19:35:35","modified_gmt":"2021-04-14T22:35:35","slug":"ituzaingo-inscripciones-abiertas-para-la-charla-el-anti-cine-de-raul-perrone","status":"publish","type":"post","link":"https:\/\/sectorprensa.com.ar\/?p=30845","title":{"rendered":"ITUZAING\u00d3: INSCRIPCIONES ABIERTAS PARA LA CHARLA \u201cEL ANTI CINE DE RA\u00daL PERRONE\u201d"},"content":{"rendered":"<h6><strong>El Gobierno Municipal, a trav\u00e9s de la Direcci\u00f3n de Cultura, invita a participar de la charla abierta \u201cEl anti cine de Ra\u00fal Perrone\u201d, que se llevar\u00e1 a cabo el s\u00e1bado 24 de abril, a trav\u00e9s de la aplicaci\u00f3n Zoom, desde las 20 hs.<\/strong><\/h6>\n<p><!--more--><\/p>\n<p>La actividad contar\u00e1 con la participaci\u00f3n del reconocido cineasta local Ra\u00fal Perrone, quien llevar\u00e1 a cabo una charla en la cual se dialogar\u00e1 acerca de su obra, su carrera y sobre la situaci\u00f3n actual de la industria cinematogr\u00e1fica en sus diferentes ramas.<\/p>\n<p>Para participar de la actividad, los interesados e interesadas deber\u00e1n completar el siguiente formulario de inscripci\u00f3n https:\/\/forms.gle\/atVffX266y38vC4P6 antes del jueves 22 de abril.<\/p>\n","protected":false},"excerpt":{"rendered":"<p>El Gobierno Municipal, a trav\u00e9s de la Direcci\u00f3n de Cultura, invita a participar de la charla abierta \u201cEl anti cine<\/p>\n","protected":false},"author":1,"featured_media":30846,"comment_status":"open","ping_status":"open","sticky":false,"template":"","format":"standard","meta":{"colormag_page_container_layout":"default_layout","colormag_page_sidebar_layout":"default_layout","footnotes":""},"categories":[9,17,4,1173],"tags":[96,49,95],"class_list":["post-30845","post","type-post","status-publish","format-standard","has-post-thumbnail","hentry","category-cultura","category-destacadas","category-ituzaingo","category-municipales","tag-cine","tag-ituzaingo","tag-raul-perrone"],"_links":{"self":[{"href":"https:\/\/sectorprensa.com.ar\/index.php?rest_route=\/wp\/v2\/posts\/30845","targetHints":{"allow":["GET"]}}],"collection":[{"href":"https:\/\/sectorprensa.com.ar\/index.php?rest_route=\/wp\/v2\/posts"}],"about":[{"href":"https:\/\/sectorprensa.com.ar\/index.php?rest_route=\/wp\/v2\/types\/post"}],"author":[{"embeddable":true,"href":"https:\/\/sectorprensa.com.ar\/index.php?rest_route=\/wp\/v2\/users\/1"}],"replies":[{"embeddable":true,"href":"https:\/\/sectorprensa.com.ar\/index.php?rest_route=%2Fwp%2Fv2%2Fcomments&post=30845"}],"version-history":[{"count":1,"href":"https:\/\/sectorprensa.com.ar\/index.php?rest_route=\/wp\/v2\/posts\/30845\/revisions"}],"predecessor-version":[{"id":30847,"href":"https:\/\/sectorprensa.com.ar\/index.php?rest_route=\/wp\/v2\/posts\/30845\/revisions\/30847"}],"wp:featuredmedia":[{"embeddable":true,"href":"https:\/\/sectorprensa.com.ar\/index.php?rest_route=\/wp\/v2\/media\/30846"}],"wp:attachment":[{"href":"https:\/\/sectorprensa.com.ar\/index.php?rest_route=%2Fwp%2Fv2%2Fmedia&parent=30845"}],"wp:term":[{"taxonomy":"category","embeddable":true,"href":"https:\/\/sectorprensa.com.ar\/index.php?rest_route=%2Fwp%2Fv2%2Fcategories&post=30845"},{"taxonomy":"post_tag","embeddable":true,"href":"https:\/\/sectorprensa.com.ar\/index.php?rest_route=%2Fwp%2Fv2%2Ftags&post=30845"}],"curies":[{"name":"wp","href":"https:\/\/api.w.org\/{rel}","templated":true}]}}