{"id":31125,"date":"2021-05-03T00:06:46","date_gmt":"2021-05-03T03:06:46","guid":{"rendered":"https:\/\/sectorprensa.com.ar\/?p=31125"},"modified":"2021-05-13T19:25:39","modified_gmt":"2021-05-13T22:25:39","slug":"moreno-conmocion-por-la-muerte-de-un-joven-policia-victima-del-covid","status":"publish","type":"post","link":"https:\/\/sectorprensa.com.ar\/?p=31125","title":{"rendered":"MORENO: CONMOCI\u00d3N POR LA MUERTE DE UN JOVEN POLIC\u00cdA V\u00cdCTIMA DEL COVID"},"content":{"rendered":"<h6><strong>El polic\u00eda de solo 34 a\u00f1os de edad sufri\u00f3 complicaciones en su estado de salud tras dar positivo de Covid.<\/strong><\/h6>\n<p><!--more--><\/p>\n<p>Moreno llora a Marcelo Sebasti\u00e1n Garc\u00eda, un sargento policial perteneciente a la comisar\u00eda 7ma\u00a0 ubicada en la ciudad de La Reja. \u00a0El joven hombre de tan solo 34 a\u00f1os de edad, dio positivo de Covid tras estar aislado preventivamente por un estado febril, con cefaleas y dificultad respiratoria.<\/p>\n<p>Garc\u00eda convivi\u00f3 12 d\u00edas con el virus y fue internado en terapia intensiva en la Cl\u00ednica Alcorta un d\u00eda despu\u00e9s de tener el resultado positivo de su hisopado nasofar\u00edngeo.<\/p>\n<p>Se supo que su estado de salud desmejor\u00f3 a ra\u00edz de una neumon\u00eda bilateral que se complic\u00f3, por ello fue inducido al coma farmacol\u00f3gico y se procedi\u00f3 a su intubaci\u00f3n, con un diagnostico reservado lamentablemente termin\u00f3 falleciendo a los ocho d\u00edas de internaci\u00f3n. El virus lo atac\u00f3 con virulencia y se llev\u00f3 una vida muy joven.<\/p>\n<blockquote class=\"wp-embedded-content\" data-secret=\"iRz3DfNsvY\"><p><a href=\"https:\/\/sectorprensa.com.ar\/moreno-asesinaron-a-policia-en-intento-de-robo\/\">MORENO: ASESINARON A POLIC\u00cdA EN INTENTO DE ROBO<\/a><\/p><\/blockquote>\n<p><iframe loading=\"lazy\" class=\"wp-embedded-content\" sandbox=\"allow-scripts\" security=\"restricted\" style=\"position: absolute; clip: rect(1px, 1px, 1px, 1px);\" title=\"&#8220;MORENO: ASESINARON A POLIC\u00cdA EN INTENTO DE ROBO&#8221; &#8212; SECTOR PRENSA\" src=\"https:\/\/sectorprensa.com.ar\/moreno-asesinaron-a-policia-en-intento-de-robo\/embed\/#?secret=iRz3DfNsvY\" data-secret=\"iRz3DfNsvY\" width=\"600\" height=\"338\" frameborder=\"0\" marginwidth=\"0\" marginheight=\"0\" scrolling=\"no\"><\/iframe><\/p>\n","protected":false},"excerpt":{"rendered":"<p>El polic\u00eda de solo 34 a\u00f1os de edad sufri\u00f3 complicaciones en su estado de salud tras dar positivo de Covid.<\/p>\n","protected":false},"author":1,"featured_media":31126,"comment_status":"open","ping_status":"open","sticky":false,"template":"","format":"standard","meta":{"colormag_page_container_layout":"default_layout","colormag_page_sidebar_layout":"default_layout","footnotes":""},"categories":[1,2154,10],"tags":[4284,437,164],"class_list":["post-31125","post","type-post","status-publish","format-standard","has-post-thumbnail","hentry","category-destacado","category-moreno","category-sociedad","tag-coronavirus","tag-moreno","tag-policia"],"_links":{"self":[{"href":"https:\/\/sectorprensa.com.ar\/index.php?rest_route=\/wp\/v2\/posts\/31125","targetHints":{"allow":["GET"]}}],"collection":[{"href":"https:\/\/sectorprensa.com.ar\/index.php?rest_route=\/wp\/v2\/posts"}],"about":[{"href":"https:\/\/sectorprensa.com.ar\/index.php?rest_route=\/wp\/v2\/types\/post"}],"author":[{"embeddable":true,"href":"https:\/\/sectorprensa.com.ar\/index.php?rest_route=\/wp\/v2\/users\/1"}],"replies":[{"embeddable":true,"href":"https:\/\/sectorprensa.com.ar\/index.php?rest_route=%2Fwp%2Fv2%2Fcomments&post=31125"}],"version-history":[{"count":1,"href":"https:\/\/sectorprensa.com.ar\/index.php?rest_route=\/wp\/v2\/posts\/31125\/revisions"}],"predecessor-version":[{"id":31127,"href":"https:\/\/sectorprensa.com.ar\/index.php?rest_route=\/wp\/v2\/posts\/31125\/revisions\/31127"}],"wp:featuredmedia":[{"embeddable":true,"href":"https:\/\/sectorprensa.com.ar\/index.php?rest_route=\/wp\/v2\/media\/31126"}],"wp:attachment":[{"href":"https:\/\/sectorprensa.com.ar\/index.php?rest_route=%2Fwp%2Fv2%2Fmedia&parent=31125"}],"wp:term":[{"taxonomy":"category","embeddable":true,"href":"https:\/\/sectorprensa.com.ar\/index.php?rest_route=%2Fwp%2Fv2%2Fcategories&post=31125"},{"taxonomy":"post_tag","embeddable":true,"href":"https:\/\/sectorprensa.com.ar\/index.php?rest_route=%2Fwp%2Fv2%2Ftags&post=31125"}],"curies":[{"name":"wp","href":"https:\/\/api.w.org\/{rel}","templated":true}]}}