{"id":31468,"date":"2021-05-26T15:44:22","date_gmt":"2021-05-26T18:44:22","guid":{"rendered":"https:\/\/sectorprensa.com.ar\/?p=31468"},"modified":"2021-05-26T15:44:22","modified_gmt":"2021-05-26T18:44:22","slug":"moron-barrios-de-pie-y-libres-del-sur-sin-movilizacion-pero-en-plena-lucha","status":"publish","type":"post","link":"https:\/\/sectorprensa.com.ar\/?p=31468","title":{"rendered":"MOR\u00d3N: BARRIOS DE PIE Y LIBRES DEL SUR SIN MOVILIZACI\u00d3N, PERO EN PLENA LUCHA"},"content":{"rendered":"<h6><b><span data-contrast=\"auto\">Los movimientos piden la reincorporaci\u00f3n del Refuerzo Alimentario, por eso en lugar de movilizarse ante las restricciones impuestas por el gobierno nacional le enviar\u00e1n una carta a Lucas\u00a0Ghi.\u00a0<\/span><\/b><span data-ccp-props=\"{&quot;201341983&quot;:0,&quot;335559739&quot;:160,&quot;335559740&quot;:259}\">\u00a0<\/span><\/h6>\n<p><!--more--><\/p>\n<p><span data-contrast=\"auto\"><a href=\"https:\/\/sectorprensa.com.ar\/barrios-de-pie-se-moviliza-al-municipio-de-moron\/\" target=\"_blank\" rel=\"noopener\">Desde Barrios de Pie y Libres del Sur Mor\u00f3n contin\u00faan el reclamo por el refuerzo alimentario<\/a>. Sin embargo, no realizar\u00e1n la movilizaci\u00f3n al Palacio Municipal de Mor\u00f3n \u201cante\u00a0los nuevos anuncios de las medidas de restricci\u00f3n que ha realizado el presidente Alberto Fern\u00e1ndez\u201d.<\/span><span data-ccp-props=\"{&quot;201341983&quot;:0,&quot;335559739&quot;:160,&quot;335559740&quot;:259}\">\u00a0<\/span><\/p>\n<p><span data-contrast=\"auto\">Los movimientos aclararon que suspenden la jornada de lucha \u201ccon el fin de respetar las pol\u00edticas sanitarias\u201d. No obstante, en reclamo de la Reincorporaci\u00f3n del Refuerzo Alimentario para la confecci\u00f3n de viandas de los merenderos y comedores que asisten, el pr\u00f3ximo jueves 27 de mayo realizar\u00e1n la\u00a0entrega de una carta dirigida hacia el Intendente Lucas\u00a0<\/span><span data-contrast=\"auto\">Ghi<\/span><span data-contrast=\"auto\">\u00a0para que les conceda una reuni\u00f3n y\u00a0que\u00a0restituya la asistencia alimentaria.\u00a0<\/span><span data-ccp-props=\"{&quot;201341983&quot;:0,&quot;335559739&quot;:160,&quot;335559740&quot;:259}\">\u00a0<\/span><\/p>\n<p><span data-contrast=\"auto\">En el comunicado, los movimientos manifestaron: \u201cMientras tanto por la urgencia, como medida paliativa realizaremos jornadas solicitando donaciones a distintas cadenas de supermercados, apelando a su solidaridad, de modo que podamos seguir asistiendo a las familias de mayor vulnerabilidad. Manteni\u00e9ndonos firmes con nuestro pedido leg\u00edtimo en lo que refiere a garantizar el derecho a la alimentaci\u00f3n para los\u00a0moronenses\u201d.<\/span><span data-ccp-props=\"{&quot;201341983&quot;:0,&quot;335559739&quot;:160,&quot;335559740&quot;:259}\">\u00a0<\/span><\/p>\n","protected":false},"excerpt":{"rendered":"<p>Los movimientos piden la reincorporaci\u00f3n del Refuerzo Alimentario, por eso en lugar de movilizarse ante las restricciones impuestas por el<\/p>\n","protected":false},"author":1,"featured_media":31469,"comment_status":"open","ping_status":"open","sticky":false,"template":"","format":"standard","meta":{"colormag_page_container_layout":"default_layout","colormag_page_sidebar_layout":"default_layout","footnotes":""},"categories":[1,5,8,10],"tags":[1980,949,311,19],"class_list":["post-31468","post","type-post","status-publish","format-standard","has-post-thumbnail","hentry","category-destacado","category-moron","category-politica","category-sociedad","tag-barrios-de-pie","tag-libres-del-sur","tag-lucas-ghi","tag-moron"],"_links":{"self":[{"href":"https:\/\/sectorprensa.com.ar\/index.php?rest_route=\/wp\/v2\/posts\/31468","targetHints":{"allow":["GET"]}}],"collection":[{"href":"https:\/\/sectorprensa.com.ar\/index.php?rest_route=\/wp\/v2\/posts"}],"about":[{"href":"https:\/\/sectorprensa.com.ar\/index.php?rest_route=\/wp\/v2\/types\/post"}],"author":[{"embeddable":true,"href":"https:\/\/sectorprensa.com.ar\/index.php?rest_route=\/wp\/v2\/users\/1"}],"replies":[{"embeddable":true,"href":"https:\/\/sectorprensa.com.ar\/index.php?rest_route=%2Fwp%2Fv2%2Fcomments&post=31468"}],"version-history":[{"count":1,"href":"https:\/\/sectorprensa.com.ar\/index.php?rest_route=\/wp\/v2\/posts\/31468\/revisions"}],"predecessor-version":[{"id":31470,"href":"https:\/\/sectorprensa.com.ar\/index.php?rest_route=\/wp\/v2\/posts\/31468\/revisions\/31470"}],"wp:featuredmedia":[{"embeddable":true,"href":"https:\/\/sectorprensa.com.ar\/index.php?rest_route=\/wp\/v2\/media\/31469"}],"wp:attachment":[{"href":"https:\/\/sectorprensa.com.ar\/index.php?rest_route=%2Fwp%2Fv2%2Fmedia&parent=31468"}],"wp:term":[{"taxonomy":"category","embeddable":true,"href":"https:\/\/sectorprensa.com.ar\/index.php?rest_route=%2Fwp%2Fv2%2Fcategories&post=31468"},{"taxonomy":"post_tag","embeddable":true,"href":"https:\/\/sectorprensa.com.ar\/index.php?rest_route=%2Fwp%2Fv2%2Ftags&post=31468"}],"curies":[{"name":"wp","href":"https:\/\/api.w.org\/{rel}","templated":true}]}}