{"id":31780,"date":"2021-06-16T15:43:29","date_gmt":"2021-06-16T18:43:29","guid":{"rendered":"https:\/\/sectorprensa.com.ar\/?p=31780"},"modified":"2021-06-16T15:43:29","modified_gmt":"2021-06-16T18:43:29","slug":"regresaron-las-clases-presenciales-en-el-conurbano","status":"publish","type":"post","link":"https:\/\/sectorprensa.com.ar\/?p=31780","title":{"rendered":"REGRESARON LAS CLASES PRESENCIALES EN EL CONURBANO"},"content":{"rendered":"<h6><b><span data-contrast=\"none\">M\u00e1s de 3 millones de alumnos tuvieron clases presenciales en la Provincia de Buenos Aires.\u00a0\u00a0<\/span><\/b><span data-ccp-props=\"{&quot;201341983&quot;:0,&quot;335559739&quot;:160,&quot;335559740&quot;:259}\">\u00a0<\/span><\/h6>\n<p><!--more--><\/p>\n<p><span data-contrast=\"none\">Las\u00a0escuelas p\u00fablicas y privadas de todos los niveles en los municipios bonaerenses del \u00c1rea Metropolitana de Buenos Aires (AMBA) retomaron este mi\u00e9rcoles las clases presenciales\u00a0luego de ocho semanas de suspensi\u00f3n con un paquete de medidas de seguridad sanitaria para que m\u00e1s de 3 millones de alumnos tengan un \u00abregreso cuidado\u00bb a las aulas en el marco de la segunda ola de coronavirus que atraviesa el pa\u00eds.<\/span><\/p>\n<p><span data-contrast=\"auto\">La medida fue anunciada el viernes pasado por el gobernador bonaerense, Axel Kicillof,\u00a0<\/span><span data-contrast=\"none\">luego que el AMBA dejara de ser zona de \u00abalarma epidemiol\u00f3gica y sanitaria\u00bb por el descenso de casos de coronavirus.<\/span><\/p>\n<p><span data-contrast=\"none\">Es que el DNU con medidas de cuidado para mitigar el avance del Covid-19, establece un sem\u00e1foro epidemiol\u00f3gico, de acuerdo con el cual se establecen distintos tipos de restricciones seg\u00fan la situaci\u00f3n sanitaria en cada distrito del pa\u00eds.<\/span><\/p>\n<p><span data-contrast=\"none\">As\u00ed, dispone que los distritos de \u00abAlto Riesgo\u00bb, aquellos que registran entre 250 y 500 casos cada 100.000 habitantes, pueden tener clases presenciales, y ese n\u00famero en el AMBA actualmente se encuentra en 432.<\/span><\/p>\n<blockquote class=\"wp-embedded-content\" data-secret=\"LdlNyePHM1\"><p><a href=\"https:\/\/sectorprensa.com.ar\/bianco-defendio-el-regreso-a-la-presencialidad\/\">BIANCO DEFENDI\u00d3 EL REGRESO A LA PRESENCIALIDAD<\/a><\/p><\/blockquote>\n<p><iframe loading=\"lazy\" class=\"wp-embedded-content\" sandbox=\"allow-scripts\" security=\"restricted\" style=\"position: absolute; clip: rect(1px, 1px, 1px, 1px);\" title=\"&#8220;BIANCO DEFENDI\u00d3 EL REGRESO A LA PRESENCIALIDAD&#8221; &#8212; SECTOR PRENSA\" src=\"https:\/\/sectorprensa.com.ar\/bianco-defendio-el-regreso-a-la-presencialidad\/embed\/#?secret=LdlNyePHM1\" data-secret=\"LdlNyePHM1\" width=\"600\" height=\"338\" frameborder=\"0\" marginwidth=\"0\" marginheight=\"0\" scrolling=\"no\"><\/iframe><\/p>\n<p><span data-contrast=\"none\">Adem\u00e1s de los municipios del conurbano, volvieron tambi\u00e9n hoy a las aulas 21 distritos del interior de la provincia que pasaron a fase 3.<\/span><\/p>\n<p><span data-contrast=\"none\">En tanto, en\u00a07 distritos que est\u00e1n en fase 2 se retom\u00f3 la \u00abpresencialidad cuidada\u00bb<\/span><b><span data-contrast=\"none\">\u00a0<\/span><\/b><span data-contrast=\"none\">solo en algunas localidades o parajes, mientras que la semana que viene regresar\u00e1n a las escuelas Carmen de Areco, Guamin\u00ed y Salto.<\/span><\/p>\n<p><span data-contrast=\"none\">En ese sentido,<\/span><span data-contrast=\"auto\">\u00a0la directora general de Cultura y Educaci\u00f3n bonaerense, Agustina Vila, precis\u00f3 en declaraciones a Radio Nacional y\u00a0FutuR\u00f6ck\u00a0que la jornada de hoy \u00abcomenz\u00f3 muy bien\u00bb<\/span><span data-contrast=\"none\">\u00a0en los niveles inicial, primaria y secundaria e indic\u00f3 que \u00ablos chicos y las chicas regresaron a las aulas y se encontraron con sus docentes cumpliendo estrictamente con los protocolos\u00bb.<\/span><\/p>\n<p><span data-contrast=\"none\">\u00abEn la provincia hay 135 distritos, con realidades muy heterog\u00e9neas, y son 61 los municipios en los que las condiciones epidemiol\u00f3gicas permiten tener presencialidad\u00bb, dijo.<\/span><\/p>\n<p><span data-contrast=\"none\">Si bien reconoci\u00f3 que \u00abno es lo mismo ense\u00f1ar ni aprender en contexto de pandemia\u00bb\u00a0que,\u00a0en \u00e9pocas normales, Vila puso de relieve \u00abel esfuerzo que realizan en la provincia todos los docentes, estudiantes y familia para sostener la continuidad pedag\u00f3gica presencial en un marco de tanta adversidad\u00bb.<\/span><span data-ccp-props=\"{&quot;201341983&quot;:0,&quot;335559739&quot;:160,&quot;335559740&quot;:259}\">\u00a0<\/span><\/p>\n<p><b><i><span data-contrast=\"none\">Fuente: T\u00e9lam\u00a0<\/span><\/i><\/b><span data-ccp-props=\"{&quot;201341983&quot;:0,&quot;335559739&quot;:160,&quot;335559740&quot;:259}\">\u00a0<\/span><\/p>\n","protected":false},"excerpt":{"rendered":"<p>M\u00e1s de 3 millones de alumnos tuvieron clases presenciales en la Provincia de Buenos Aires.\u00a0\u00a0\u00a0<\/p>\n","protected":false},"author":1,"featured_media":31781,"comment_status":"open","ping_status":"open","sticky":false,"template":"","format":"standard","meta":{"colormag_page_container_layout":"default_layout","colormag_page_sidebar_layout":"default_layout","footnotes":""},"categories":[1,18,10],"tags":[5157,3775],"class_list":["post-31780","post","type-post","status-publish","format-standard","has-post-thumbnail","hentry","category-destacado","category-provincia","category-sociedad","tag-clases-presenciales","tag-provincia-de-buenos-aires"],"_links":{"self":[{"href":"https:\/\/sectorprensa.com.ar\/index.php?rest_route=\/wp\/v2\/posts\/31780","targetHints":{"allow":["GET"]}}],"collection":[{"href":"https:\/\/sectorprensa.com.ar\/index.php?rest_route=\/wp\/v2\/posts"}],"about":[{"href":"https:\/\/sectorprensa.com.ar\/index.php?rest_route=\/wp\/v2\/types\/post"}],"author":[{"embeddable":true,"href":"https:\/\/sectorprensa.com.ar\/index.php?rest_route=\/wp\/v2\/users\/1"}],"replies":[{"embeddable":true,"href":"https:\/\/sectorprensa.com.ar\/index.php?rest_route=%2Fwp%2Fv2%2Fcomments&post=31780"}],"version-history":[{"count":1,"href":"https:\/\/sectorprensa.com.ar\/index.php?rest_route=\/wp\/v2\/posts\/31780\/revisions"}],"predecessor-version":[{"id":31782,"href":"https:\/\/sectorprensa.com.ar\/index.php?rest_route=\/wp\/v2\/posts\/31780\/revisions\/31782"}],"wp:featuredmedia":[{"embeddable":true,"href":"https:\/\/sectorprensa.com.ar\/index.php?rest_route=\/wp\/v2\/media\/31781"}],"wp:attachment":[{"href":"https:\/\/sectorprensa.com.ar\/index.php?rest_route=%2Fwp%2Fv2%2Fmedia&parent=31780"}],"wp:term":[{"taxonomy":"category","embeddable":true,"href":"https:\/\/sectorprensa.com.ar\/index.php?rest_route=%2Fwp%2Fv2%2Fcategories&post=31780"},{"taxonomy":"post_tag","embeddable":true,"href":"https:\/\/sectorprensa.com.ar\/index.php?rest_route=%2Fwp%2Fv2%2Ftags&post=31780"}],"curies":[{"name":"wp","href":"https:\/\/api.w.org\/{rel}","templated":true}]}}