{"id":31809,"date":"2021-06-17T00:27:30","date_gmt":"2021-06-17T03:27:30","guid":{"rendered":"https:\/\/sectorprensa.com.ar\/?p=31809"},"modified":"2021-06-17T01:22:24","modified_gmt":"2021-06-17T04:22:24","slug":"merlo-nueva-estacion-de-reciclado","status":"publish","type":"post","link":"https:\/\/sectorprensa.com.ar\/?p=31809","title":{"rendered":"MERLO: NUEVA ESTACI\u00d3N DE RECICLADO"},"content":{"rendered":"<h6><b><span data-contrast=\"none\">La nueva Estaci\u00f3n de Reciclado est\u00e1 ubicada en San Antonio de Padua.\u00a0\u00a0\u201cEl objetivo es instalar una o m\u00e1s estaciones de reciclado en cada localidad del distrito\u201d. Se\u00f1alo el funcionario\u00a0Sergio\u00a0Zencich.\u00a0<\/span><\/b><span data-ccp-props=\"{&quot;201341983&quot;:0,&quot;335551550&quot;:1,&quot;335551620&quot;:1,&quot;335559739&quot;:160,&quot;335559740&quot;:259}\">\u00a0<\/span><\/h6>\n<p><!--more--><\/p>\n<p><span data-contrast=\"none\">Se instal\u00f3 una nueva estaci\u00f3n para la recepci\u00f3n de reciclables en el Parque Cultural de Padua, ubicado en Avenida\u00a0Pte\u00a0Peron\u00a023.850.<\/span><span data-ccp-props=\"{&quot;201341983&quot;:0,&quot;335551550&quot;:1,&quot;335551620&quot;:1,&quot;335559739&quot;:160,&quot;335559740&quot;:259}\">\u00a0<\/span><\/p>\n<p><span data-contrast=\"none\">Los vecinos pueden acercar los siguientes reciclables limpios y secos de\u00a0lunes a viernes h\u00e1biles de 10 a 14\u00a0hs:<\/span><span data-ccp-props=\"{&quot;201341983&quot;:0,&quot;335551550&quot;:1,&quot;335551620&quot;:1,&quot;335559739&quot;:160,&quot;335559740&quot;:259}\">\u00a0<\/span><\/p>\n<ul>\n<li data-leveltext=\"\uf0b7\" data-font=\"Symbol\" data-listid=\"1\" aria-setsize=\"-1\" data-aria-posinset=\"1\" data-aria-level=\"1\"><span data-contrast=\"none\">Pl\u00e1sticos:\u00a0botellas, tapitas, bidones, picos, tubos, base de sifones descartables<\/span><span data-ccp-props=\"{&quot;134233279&quot;:true,&quot;201341983&quot;:1,&quot;335551550&quot;:1,&quot;335551620&quot;:1,&quot;335559739&quot;:160,&quot;335559740&quot;:390}\">\u00a0<\/span><\/li>\n<li data-leveltext=\"\uf0b7\" data-font=\"Symbol\" data-listid=\"1\" aria-setsize=\"-1\" data-aria-posinset=\"2\" data-aria-level=\"1\"><span data-contrast=\"none\">Papel y cart\u00f3n:\u00a0papel blanco o de color, sobres de todo tipo, diarios y revistas, folletos, gu\u00edas, cajas<\/span><span data-ccp-props=\"{&quot;134233279&quot;:true,&quot;201341983&quot;:1,&quot;335551550&quot;:1,&quot;335551620&quot;:1,&quot;335559739&quot;:160,&quot;335559740&quot;:390}\">\u00a0<\/span><\/li>\n<li data-leveltext=\"\uf0b7\" data-font=\"Symbol\" data-listid=\"1\" aria-setsize=\"-1\" data-aria-posinset=\"3\" data-aria-level=\"1\"><span data-contrast=\"none\">Metal:\u00a0llaves de bronce, latas de aluminio, cobre<\/span><span data-ccp-props=\"{&quot;134233279&quot;:true,&quot;201341983&quot;:1,&quot;335551550&quot;:1,&quot;335551620&quot;:1,&quot;335559739&quot;:160,&quot;335559740&quot;:390}\">\u00a0<\/span><\/li>\n<li data-leveltext=\"\uf0b7\" data-font=\"Symbol\" data-listid=\"1\" aria-setsize=\"-1\" data-aria-posinset=\"4\" data-aria-level=\"1\"><span data-contrast=\"none\">CDs,\u00a0DVDs\u00a0y sus cajas<\/span><span data-ccp-props=\"{&quot;134233279&quot;:true,&quot;201341983&quot;:1,&quot;335551550&quot;:1,&quot;335551620&quot;:1,&quot;335559739&quot;:160,&quot;335559740&quot;:390}\">\u00a0<\/span><\/li>\n<li data-leveltext=\"\uf0b7\" data-font=\"Symbol\" data-listid=\"1\" aria-setsize=\"-1\" data-aria-posinset=\"5\" data-aria-level=\"1\"><span data-contrast=\"none\">AVU:\u00a0aceite vegetal usado contenido en botellas o bidones<\/span><span data-ccp-props=\"{&quot;134233279&quot;:true,&quot;201341983&quot;:1,&quot;335551550&quot;:1,&quot;335551620&quot;:1,&quot;335559739&quot;:160,&quot;335559740&quot;:390}\">\u00a0<\/span><\/li>\n<\/ul>\n<p><span data-contrast=\"none\">El<\/span><span data-contrast=\"auto\">\u00a0Subsecretario de Ecolog\u00eda, Sergio\u00a0Zencich,<\/span><span data-contrast=\"none\">\u00a0inform\u00f3 que se dio inicio al funcionamiento de esta estaci\u00f3n\u00a0\u201cen el marco de un programa que lleva adelante la Municipalidad de Merlo y la\u00a0<\/span><span data-contrast=\"auto\">Secretar\u00eda de Delegaciones<\/span><span data-contrast=\"none\">, por indicaci\u00f3n del Intendente Gustavo Men\u00e9ndez, a fin de favorecer el medio ambiente\u00a0y\u00a0minimizar\u00a0la cantidad de residuos s\u00f3lidos que generamos los vecinos diariamente\u201d.<\/span><span data-ccp-props=\"{&quot;201341983&quot;:0,&quot;335551550&quot;:1,&quot;335551620&quot;:1,&quot;335559739&quot;:160,&quot;335559740&quot;:259}\">\u00a0<\/span><\/p>\n<p><span data-contrast=\"none\">El funcionario inform\u00f3 que la elecci\u00f3n de este lugar se debe a su ubicaci\u00f3n estrat\u00e9gica\u00a0\u201cfrente a la estaci\u00f3n de Padua, donde se realiza el trasbordo de diferentes medios de transporte, donde confluyen distintos vecinos y donde se encuentran varias instituciones educativas, como la Universidad Nacional del Oeste, con las cuales se puede trabajar sobre reciclado\u201d.<\/span><span data-ccp-props=\"{&quot;201341983&quot;:0,&quot;335551550&quot;:1,&quot;335551620&quot;:1,&quot;335559739&quot;:160,&quot;335559740&quot;:259}\">\u00a0<\/span><\/p>\n<p><span data-contrast=\"none\">Finalmente ,Zencich\u00a0adelant\u00f3 que\u00a0\u201cEl objetivo es instalar una o m\u00e1s estaciones de reciclado en cada localidad del distrito para que los vecinos puedan acercarse y colaborar con esta noble tarea de reciclar y proteger el ambiente\u201d.<\/span><span data-ccp-props=\"{&quot;201341983&quot;:0,&quot;335551550&quot;:1,&quot;335551620&quot;:1,&quot;335559739&quot;:160,&quot;335559740&quot;:259}\">\u00a0<\/span><\/p>\n<p><span data-contrast=\"none\">M\u00e1s\u00a0info\u00a0sobre las estaciones de reciclado y el programa \u201cTu Barrio Recicla\u201d en\u00a0<\/span><a href=\"http:\/\/www.merlo.gob.ar\/reciclado\"><span data-contrast=\"none\">www.merlo.gob.ar\/reciclado<\/span><\/a><span data-ccp-props=\"{&quot;201341983&quot;:0,&quot;335551550&quot;:1,&quot;335551620&quot;:1,&quot;335559739&quot;:160,&quot;335559740&quot;:259}\">\u00a0<\/span><\/p>\n<blockquote class=\"wp-embedded-content\" data-secret=\"WuD7HLbm6B\"><p><a href=\"https:\/\/sectorprensa.com.ar\/menendez-kicillof-y-katopodis-en-la-obra-de-autopista-presidente-peron\/\">MEN\u00c9NDEZ, KICILLOF Y KATOPOD\u00cdS EN LA OBRA DE AUTOPISTA PRESIDENTE PER\u00d3N<\/a><\/p><\/blockquote>\n<p><iframe loading=\"lazy\" class=\"wp-embedded-content\" sandbox=\"allow-scripts\" security=\"restricted\" style=\"position: absolute; clip: rect(1px, 1px, 1px, 1px);\" title=\"&#8220;MEN\u00c9NDEZ, KICILLOF Y KATOPOD\u00cdS EN LA OBRA DE AUTOPISTA PRESIDENTE PER\u00d3N&#8221; &#8212; SECTOR PRENSA\" src=\"https:\/\/sectorprensa.com.ar\/menendez-kicillof-y-katopodis-en-la-obra-de-autopista-presidente-peron\/embed\/#?secret=WuD7HLbm6B\" data-secret=\"WuD7HLbm6B\" width=\"600\" height=\"338\" frameborder=\"0\" marginwidth=\"0\" marginheight=\"0\" scrolling=\"no\"><\/iframe><\/p>\n","protected":false},"excerpt":{"rendered":"<p>La nueva Estaci\u00f3n de Reciclado est\u00e1 ubicada en San Antonio de Padua.\u00a0\u00a0\u201cEl objetivo es instalar una o m\u00e1s estaciones de<\/p>\n","protected":false},"author":1,"featured_media":31810,"comment_status":"open","ping_status":"open","sticky":false,"template":"","format":"standard","meta":{"colormag_page_container_layout":"default_layout","colormag_page_sidebar_layout":"default_layout","footnotes":""},"categories":[17,7,1173],"tags":[1486,3399,25,1598,5162],"class_list":["post-31809","post","type-post","status-publish","format-standard","has-post-thumbnail","hentry","category-destacadas","category-merlo","category-municipales","tag-ecologia","tag-estacion-de-reciclado","tag-merlo","tag-san-antonio-de-padua","tag-sergio-zencich"],"_links":{"self":[{"href":"https:\/\/sectorprensa.com.ar\/index.php?rest_route=\/wp\/v2\/posts\/31809","targetHints":{"allow":["GET"]}}],"collection":[{"href":"https:\/\/sectorprensa.com.ar\/index.php?rest_route=\/wp\/v2\/posts"}],"about":[{"href":"https:\/\/sectorprensa.com.ar\/index.php?rest_route=\/wp\/v2\/types\/post"}],"author":[{"embeddable":true,"href":"https:\/\/sectorprensa.com.ar\/index.php?rest_route=\/wp\/v2\/users\/1"}],"replies":[{"embeddable":true,"href":"https:\/\/sectorprensa.com.ar\/index.php?rest_route=%2Fwp%2Fv2%2Fcomments&post=31809"}],"version-history":[{"count":2,"href":"https:\/\/sectorprensa.com.ar\/index.php?rest_route=\/wp\/v2\/posts\/31809\/revisions"}],"predecessor-version":[{"id":31821,"href":"https:\/\/sectorprensa.com.ar\/index.php?rest_route=\/wp\/v2\/posts\/31809\/revisions\/31821"}],"wp:featuredmedia":[{"embeddable":true,"href":"https:\/\/sectorprensa.com.ar\/index.php?rest_route=\/wp\/v2\/media\/31810"}],"wp:attachment":[{"href":"https:\/\/sectorprensa.com.ar\/index.php?rest_route=%2Fwp%2Fv2%2Fmedia&parent=31809"}],"wp:term":[{"taxonomy":"category","embeddable":true,"href":"https:\/\/sectorprensa.com.ar\/index.php?rest_route=%2Fwp%2Fv2%2Fcategories&post=31809"},{"taxonomy":"post_tag","embeddable":true,"href":"https:\/\/sectorprensa.com.ar\/index.php?rest_route=%2Fwp%2Fv2%2Ftags&post=31809"}],"curies":[{"name":"wp","href":"https:\/\/api.w.org\/{rel}","templated":true}]}}