{"id":31877,"date":"2021-06-21T08:10:34","date_gmt":"2021-06-21T11:10:34","guid":{"rendered":"https:\/\/sectorprensa.com.ar\/?p=31877"},"modified":"2021-06-21T15:23:30","modified_gmt":"2021-06-21T18:23:30","slug":"merlo-nacha-guevara-recorrio-san-antonio-de-padua-junto-al-intendente","status":"publish","type":"post","link":"https:\/\/sectorprensa.com.ar\/?p=31877","title":{"rendered":"MERLO: NACHA GUEVARA RECORRI\u00d3 SAN ANTONIO DE PADUA JUNTO AL INTENDENTE"},"content":{"rendered":"<h6><strong>La actriz visit\u00f3 Merlo donde observ\u00f3 diferentes obras y recorri\u00f3 el Polo Audiovisual.<\/strong><\/h6>\n<p><!--more--><\/p>\n<p>El intendente Gustavo Men\u00e9ndez recorri\u00f3 la localidad de San Antonio de Padua junto al Secretario de Delegaciones Mauricio Canosa y la artista Nacha Guevara para observar las tareas que se est\u00e1n realizando de las nuevas calles con asfalto reticulado, la mejora de veredas y cordones.<\/p>\n<p>El Jefe Comunal luego de caminar y charlar con los vecinos declar\u00f3: \u201cgracias a la articulaci\u00f3n del gobierno nacional, provincial y municipal estamos llevando adelante el plan de obras m\u00e1s importante en la historia de Merlo en medio de la pandemia\u201d. A su vez, el mandatario local manifest\u00f3: \u201ceste programa de urbanizaci\u00f3n de la trama urbana viene acompa\u00f1ada por luminarias y c\u00e1maras de seguridad\u201d.<\/p>\n<p><img loading=\"lazy\" decoding=\"async\" class=\"alignnone  wp-image-31879\" src=\"https:\/\/sectorprensa.com.ar\/wp-content\/uploads\/2021\/06\/menendez-canosa-nacha-guevara-1024x683.jpeg\" alt=\"\" width=\"725\" height=\"484\" srcset=\"https:\/\/sectorprensa.com.ar\/wp-content\/uploads\/2021\/06\/menendez-canosa-nacha-guevara-1024x683.jpeg 1024w, https:\/\/sectorprensa.com.ar\/wp-content\/uploads\/2021\/06\/menendez-canosa-nacha-guevara-300x200.jpeg 300w, https:\/\/sectorprensa.com.ar\/wp-content\/uploads\/2021\/06\/menendez-canosa-nacha-guevara-768x512.jpeg 768w, https:\/\/sectorprensa.com.ar\/wp-content\/uploads\/2021\/06\/menendez-canosa-nacha-guevara.jpeg 1280w\" sizes=\"auto, (max-width: 725px) 100vw, 725px\" \/><\/p>\n<p>Por su parte, Mauricio Canosa a cargo de la Secretar\u00eda de Delegaciones de Merlo expres\u00f3: \u201cla gente puede dejar de decir que pisa tierra\u201d en alusi\u00f3n al asfalto reticulado que se coloc\u00f3 en varias de las calles de Padua. Con respecto a las obras que se est\u00e1n realizando en el municipio Canosa coment\u00f3: \u201cEs un plan que proyectamos para este a\u00f1o con fondos propios del Estado Municipal que tiene un componente de m\u00e1s de 150 cuadras en ejecuci\u00f3n\u201d.<\/p>\n<p>La actriz y cantante Nacha Guevara que visit\u00f3 Merlo por cuestiones que tienen que ver con la cultura y el polo audiovisual, tambi\u00e9n acompa\u00f1\u00f3 a Gustavo Men\u00e9ndez\u00a0 en la recorrida, y reflexion\u00f3: \u201ca la vera de las calles asfaltadas los barrios se transforman, traen cambios y los vecinos se sienten de otra manera\u201d.<\/p>\n","protected":false},"excerpt":{"rendered":"<p>La actriz visit\u00f3 Merlo donde observ\u00f3 diferentes obras y recorri\u00f3 el Polo Audiovisual.<\/p>\n","protected":false},"author":1,"featured_media":31878,"comment_status":"open","ping_status":"open","sticky":false,"template":"","format":"standard","meta":{"colormag_page_container_layout":"default_layout","colormag_page_sidebar_layout":"default_layout","footnotes":""},"categories":[17,7,1173,8],"tags":[43,5175,25,5174,395],"class_list":["post-31877","post","type-post","status-publish","format-standard","has-post-thumbnail","hentry","category-destacadas","category-merlo","category-municipales","category-politica","tag-gustavo-menendez","tag-mauricio-canosa","tag-merlo","tag-nacha-guevara","tag-obras"],"_links":{"self":[{"href":"https:\/\/sectorprensa.com.ar\/index.php?rest_route=\/wp\/v2\/posts\/31877","targetHints":{"allow":["GET"]}}],"collection":[{"href":"https:\/\/sectorprensa.com.ar\/index.php?rest_route=\/wp\/v2\/posts"}],"about":[{"href":"https:\/\/sectorprensa.com.ar\/index.php?rest_route=\/wp\/v2\/types\/post"}],"author":[{"embeddable":true,"href":"https:\/\/sectorprensa.com.ar\/index.php?rest_route=\/wp\/v2\/users\/1"}],"replies":[{"embeddable":true,"href":"https:\/\/sectorprensa.com.ar\/index.php?rest_route=%2Fwp%2Fv2%2Fcomments&post=31877"}],"version-history":[{"count":1,"href":"https:\/\/sectorprensa.com.ar\/index.php?rest_route=\/wp\/v2\/posts\/31877\/revisions"}],"predecessor-version":[{"id":31880,"href":"https:\/\/sectorprensa.com.ar\/index.php?rest_route=\/wp\/v2\/posts\/31877\/revisions\/31880"}],"wp:featuredmedia":[{"embeddable":true,"href":"https:\/\/sectorprensa.com.ar\/index.php?rest_route=\/wp\/v2\/media\/31878"}],"wp:attachment":[{"href":"https:\/\/sectorprensa.com.ar\/index.php?rest_route=%2Fwp%2Fv2%2Fmedia&parent=31877"}],"wp:term":[{"taxonomy":"category","embeddable":true,"href":"https:\/\/sectorprensa.com.ar\/index.php?rest_route=%2Fwp%2Fv2%2Fcategories&post=31877"},{"taxonomy":"post_tag","embeddable":true,"href":"https:\/\/sectorprensa.com.ar\/index.php?rest_route=%2Fwp%2Fv2%2Ftags&post=31877"}],"curies":[{"name":"wp","href":"https:\/\/api.w.org\/{rel}","templated":true}]}}