{"id":32105,"date":"2021-07-01T07:06:49","date_gmt":"2021-07-01T10:06:49","guid":{"rendered":"https:\/\/sectorprensa.com.ar\/?p=32105"},"modified":"2021-06-30T19:12:58","modified_gmt":"2021-06-30T22:12:58","slug":"la-casa-de-la-memoria-y-la-vida-cumple-21-anos","status":"publish","type":"post","link":"https:\/\/sectorprensa.com.ar\/?p=32105","title":{"rendered":"LA CASA DE LA MEMORIA Y LA VIDA CUMPLE 21 A\u00d1OS"},"content":{"rendered":"<h6><b><span data-contrast=\"none\">Con un recorrido virtual que repasa la historia del lugar donde funcion\u00f3 el Centro Clandestino de Detenci\u00f3n Mansi\u00f3n Ser\u00e9.<\/span><\/b><span data-ccp-props=\"{&quot;201341983&quot;:1,&quot;335551550&quot;:1,&quot;335551620&quot;:1,&quot;335559739&quot;:160,&quot;335559740&quot;:240}\">\u00a0<\/span><\/h6>\n<p><!--more--><\/p>\n<p><span data-contrast=\"none\">Este jueves 1 de julio, la Casa de la Memoria y la Vida cumple su 21\u00ba aniversario como primer espacio latinoamericano dedicado a ejercitar la memoria colectiva. Para conmemorarlo, el Municipio presentar\u00e1 la producci\u00f3n audiovisual \u201cCaminos de la Memoria\u201d, que recorre virtualmente y de forma pedag\u00f3gica el Espacio Mansi\u00f3n Ser\u00e9.<\/span><\/p>\n<p><span data-contrast=\"none\">La exhibici\u00f3n del corto ser\u00e1 hoy a las 18, en el marco de una charla con la participaci\u00f3n de tres de los sobrevivientes del ex Centro Clandestino Mansi\u00f3n Ser\u00e9: Zoraida Martin, Carlos Garc\u00eda y Guillermo Fern\u00e1ndez. La misma se realizar\u00e1 a trav\u00e9s de la plataforma Zoom, y ser\u00e1 de participaci\u00f3n abierta, con inscripci\u00f3n previa en el siguiente formulario: <\/span><a href=\"https:\/\/nt.embluemail.com\/p\/cl?data=IJoDo0o5LCuvHtgy8ih0mJTHYeNmXPYOnWx4E0aSfbenHwCvBzF0yHe75FZEPmjQxusWqX7fB24z4AinNoI%2FsbNwXEOHQT20jqhdqmL0ktQ%3D!-!ai!-!https%3A%2F%2Fforms.gle%2FXeyzHENTdVp2dds27%3Futm_source=emBlue%26utm_medium=email%26utm_campaign=Municipio+de+Mor%C3%B3n%26utm_content=Mor%C3%B3n+celebra+un+nuevo+aniversario+de+la+Casa+de+la+Memoria+y+la+Vida--Mor%C3%B3n+celebra+un+nuevo+aniversario+de+la+Casa+de+la+Memoria+y+la+Vida%26utm_term=multiple--7--none--50-60--ENVIO+SIMPLE\"><span data-contrast=\"none\">https:\/\/forms.gle\/XeyzHENTdVp2dds27<\/span><\/a><span data-contrast=\"none\">. Tambi\u00e9n se podr\u00e1 seguir la charla por el canal de\u00a0Youtube\u00a0de la Secretar\u00eda de G\u00e9nero y Derechos Humanos de Mor\u00f3n.<\/span><\/p>\n<p><span data-contrast=\"none\">Luego de su estreno, la recorrida virtual estar\u00e1 disponible como insumo para docentes y estudiantes de las escuelas del distrito, que deseen utilizarlo como herramienta educativa.<\/span><\/p>\n<p><span data-contrast=\"none\">El edificio donde hoy funciona la Casa de la Memoria fue construido en 1997, a metros de la Mansi\u00f3n Ser\u00e9 que fuera Centro Clandestino de Detenci\u00f3n y Tortura durante la \u00faltima dictadura c\u00edvico militar. El 1\u00ba de julio de 2000 el sitio fue recuperado por el entonces intendente de Mor\u00f3n, Mart\u00edn Sabbatella, para resignificarlo como espacio para promover el ejercicio de la memoria colectiva sobre la historia reciente. Desde entonces, all\u00ed funciona la Direcci\u00f3n de Derechos Humanos del Municipio de Mor\u00f3n.<\/span><br \/>\n<span data-contrast=\"none\">Asimismo, en marzo de 2013 fue inaugurado el Espacio Mansi\u00f3n Ser\u00e9. Mientras que el predio fue declarado Lugar Hist\u00f3rico Nacional por iniciativa de la ex presidenta Cristina Fern\u00e1ndez de Kirchner.<\/span><\/p>\n<p><span data-contrast=\"none\">El Centro Clandestino de Detenci\u00f3n y Tortura, bautizado como \u201cAtila\u201d o \u201cLa Mansi\u00f3n\u201d, se convirti\u00f3 en uno de los m\u00e1s importantes de la zona oeste del conurbano entre los a\u00f1os 1977 y 1978. All\u00ed, centenares de personas fueron torturadas y desaparecidas bajo la operaci\u00f3n de la Fuerza A\u00e9rea Argentina.<\/span><\/p>\n<p><span data-contrast=\"none\">El 24 de marzo de 1978, cuatro detenidos lograron escapar de este centro clandestino. D\u00edas despu\u00e9s de la fuga, parte de los detenidos que quedaron en la Mansi\u00f3n fueron llevados a otras dependencias o liberados. Luego, la propiedad fue incendiada y dinamitada para borrar los restos del horror y las pruebas del plan de extermino.<\/span><\/p>\n<p><span data-contrast=\"none\">En la misma charla, se emitir\u00e1 un corto audiovisual especialmente realizado para conmemorar el nuevo aniversario de la Casa, en el que participan el intendente Lucas\u00a0Ghi, el ex intendente Mart\u00edn Sabbatella, el cantautor Palo Pandolfo, y las voces de Nora\u00a0Corti\u00f1as\u00a0y referentes de los organismos de Derechos Humanos, entre otros.<\/span><\/p>\n<p><span data-contrast=\"none\">Para m\u00e1s informaci\u00f3n, se pueden contactar enviando un correo a\u00a0<\/span><a href=\"mailto:dir.derechoshumanos@moron.gob.ar\"><span data-contrast=\"none\">dir.derechoshumanos@moron.gob.ar<\/span><\/a><span data-contrast=\"none\">\u00a0o por tel\u00e9fono al 11-4088-7844.<\/span><span data-ccp-props=\"{&quot;201341983&quot;:0,&quot;335559739&quot;:160,&quot;335559740&quot;:259}\">\u00a0<\/span><\/p>\n","protected":false},"excerpt":{"rendered":"<p>Con un recorrido virtual que repasa la historia del lugar donde funcion\u00f3 el Centro Clandestino de Detenci\u00f3n Mansi\u00f3n Ser\u00e9.\u00a0<\/p>\n","protected":false},"author":1,"featured_media":32106,"comment_status":"open","ping_status":"open","sticky":false,"template":"","format":"standard","meta":{"colormag_page_container_layout":"default_layout","colormag_page_sidebar_layout":"default_layout","footnotes":""},"categories":[17,5,1173,10],"tags":[593,1814,19],"class_list":["post-32105","post","type-post","status-publish","format-standard","has-post-thumbnail","hentry","category-destacadas","category-moron","category-municipales","category-sociedad","tag-aniversario","tag-casa-de-la-memoria-y-la-vida","tag-moron"],"_links":{"self":[{"href":"https:\/\/sectorprensa.com.ar\/index.php?rest_route=\/wp\/v2\/posts\/32105","targetHints":{"allow":["GET"]}}],"collection":[{"href":"https:\/\/sectorprensa.com.ar\/index.php?rest_route=\/wp\/v2\/posts"}],"about":[{"href":"https:\/\/sectorprensa.com.ar\/index.php?rest_route=\/wp\/v2\/types\/post"}],"author":[{"embeddable":true,"href":"https:\/\/sectorprensa.com.ar\/index.php?rest_route=\/wp\/v2\/users\/1"}],"replies":[{"embeddable":true,"href":"https:\/\/sectorprensa.com.ar\/index.php?rest_route=%2Fwp%2Fv2%2Fcomments&post=32105"}],"version-history":[{"count":1,"href":"https:\/\/sectorprensa.com.ar\/index.php?rest_route=\/wp\/v2\/posts\/32105\/revisions"}],"predecessor-version":[{"id":32107,"href":"https:\/\/sectorprensa.com.ar\/index.php?rest_route=\/wp\/v2\/posts\/32105\/revisions\/32107"}],"wp:featuredmedia":[{"embeddable":true,"href":"https:\/\/sectorprensa.com.ar\/index.php?rest_route=\/wp\/v2\/media\/32106"}],"wp:attachment":[{"href":"https:\/\/sectorprensa.com.ar\/index.php?rest_route=%2Fwp%2Fv2%2Fmedia&parent=32105"}],"wp:term":[{"taxonomy":"category","embeddable":true,"href":"https:\/\/sectorprensa.com.ar\/index.php?rest_route=%2Fwp%2Fv2%2Fcategories&post=32105"},{"taxonomy":"post_tag","embeddable":true,"href":"https:\/\/sectorprensa.com.ar\/index.php?rest_route=%2Fwp%2Fv2%2Ftags&post=32105"}],"curies":[{"name":"wp","href":"https:\/\/api.w.org\/{rel}","templated":true}]}}