{"id":32258,"date":"2021-07-08T17:45:36","date_gmt":"2021-07-08T20:45:36","guid":{"rendered":"https:\/\/sectorprensa.com.ar\/?p=32258"},"modified":"2021-07-08T17:50:21","modified_gmt":"2021-07-08T20:50:21","slug":"convocan-a-voluntarios-para-estudiar-la-combinacion-de-vacunas","status":"publish","type":"post","link":"https:\/\/sectorprensa.com.ar\/?p=32258","title":{"rendered":"CONVOCAN A VOLUNTARIOS PARA ESTUDIAR LA COMBINACI\u00d3N DE VACUNAS"},"content":{"rendered":"<h6>Desde la provincia de Buenos Aires se inici\u00f3 la convocatoria hasta el lunes 12 de julio. Es para mayores de 18 a\u00f1os que tengan una dosis aplicada y no hayan cursado la enfermedad.<\/h6>\n<p><!--more--><\/p>\n<p><span data-contrast=\"auto\">El ministerio de Salud bonaerense convoca a personas residentes en la Provincia de Buenos Aires a ser parte de la investigaci\u00f3n que evaluar\u00e1 la respuesta inmune de combinar dos vacunas de diferentes laboratorios para prevenir la COVID-19.\u00a0<\/span><span data-ccp-props=\"{&quot;201341983&quot;:0,&quot;335559739&quot;:160,&quot;335559740&quot;:259}\">\u00a0<\/span><\/p>\n<p><span data-contrast=\"auto\">Los requisitos para ser parte del estudio son tener m\u00e1s de 18 a\u00f1os, no haber contra\u00eddo coronavirus y tener aplicada la primera dosis de la inmunizaci\u00f3n contra COVID-19. Para inscribirse hay tiempo hasta el lunes 12 de julio inclusive, y es necesario completar el formulario al que se accede a trav\u00e9s del siguiente link\u00a0<a href=\"https:\/\/forms.gle\/rQEj3yUVUwWsGN2X6\" target=\"_blank\" rel=\"noopener\">https:\/\/forms.gle\/rQEj3yUVUwWsGN2X6<\/a>.<\/span><span data-ccp-props=\"{&quot;201341983&quot;:0,&quot;335559739&quot;:160,&quot;335559740&quot;:259}\">\u00a0<\/span><\/p>\n<p><span data-contrast=\"auto\">La provincia de Buenos Aires fue una de las elegidas por el gobierno nacional para evaluar la respuesta del uso de vacunas de distinta procedencia en una misma persona. La investigaci\u00f3n se realizar\u00e1 con 1.200 voluntarias y voluntarios con la intenci\u00f3n de comprobar si la combinaci\u00f3n resulta segura y eficaz contra la COVID-19, multiplicar las posibilidades de inmunizaci\u00f3n y probar su efecto en las nuevas variantes del virus. Quienes se postulen deber\u00e1n tener aplicada la primera dosis entre los 10 d\u00edas y los 2 meses previos a la inscripci\u00f3n. Los y las inscriptos\/as ser\u00e1n convocados r\u00e1pidamente para recibir la segunda dosis.<\/span><span data-ccp-props=\"{&quot;201341983&quot;:0,&quot;335559739&quot;:160,&quot;335559740&quot;:259}\">\u00a0<\/span><\/p>\n<blockquote class=\"wp-embedded-content\" data-secret=\"emwS200PB2\"><p><a href=\"https:\/\/sectorprensa.com.ar\/vacunacion-libre-para-mayores-de-45-y-desde-el-9-de-julio-para-los-mayores-de-40\/\">VACUNACI\u00d3N LIBRE PARA MAYORES DE 45 Y DESDE EL 9 DE JULIO PARA LOS MAYORES DE 40<\/a><\/p><\/blockquote>\n<p><iframe loading=\"lazy\" class=\"wp-embedded-content\" sandbox=\"allow-scripts\" security=\"restricted\" style=\"position: absolute; clip: rect(1px, 1px, 1px, 1px);\" title=\"&#8220;VACUNACI\u00d3N LIBRE PARA MAYORES DE 45 Y DESDE EL 9 DE JULIO PARA LOS MAYORES DE 40&#8221; &#8212; SECTOR PRENSA\" src=\"https:\/\/sectorprensa.com.ar\/vacunacion-libre-para-mayores-de-45-y-desde-el-9-de-julio-para-los-mayores-de-40\/embed\/#?secret=emwS200PB2\" data-secret=\"emwS200PB2\" width=\"600\" height=\"338\" frameborder=\"0\" marginwidth=\"0\" marginheight=\"0\" scrolling=\"no\"><\/iframe><\/p>\n<p><span data-contrast=\"auto\">Con esta clase de investigaciones, que ya se realizan en otras partes del mundo, se podr\u00e1 contar con informaci\u00f3n espec\u00edfica en base a las vacunas que se aplican en el pa\u00eds, la situaci\u00f3n epidemiol\u00f3gica y las variantes que circulan en territorio bonaerense.<\/span><span data-ccp-props=\"{&quot;201341983&quot;:0,&quot;335559739&quot;:160,&quot;335559740&quot;:259}\">\u00a0<\/span><\/p>\n<p><span data-contrast=\"auto\">La subsecretaria de Gesti\u00f3n de la Informaci\u00f3n de la cartera de Salud provincial, Leticia Ceriani, detall\u00f3 que \u201cse evaluar\u00e1 la respuesta inmune y la seguridad de lo que se llaman reg\u00edmenes o esquemas heter\u00f3logos, que es usar una primera dosis de una vacuna y una segunda dosis de otra, a diferencia de los llamados reg\u00edmenes hom\u00f3logos, que son los que venimos utilizando\u201d; es decir aplicar la misma vacuna en primera y segunda dosis: Sputnik V\/Sputnik V, AstraZeneca\/AstraZeneca, Sinopharm\/Sinopharm.<\/span><span data-ccp-props=\"{&quot;201341983&quot;:0,&quot;335559739&quot;:160,&quot;335559740&quot;:259}\">\u00a0<\/span><\/p>\n<p><span data-contrast=\"auto\">Desde Salud de la Provincia se aclar\u00f3 tambi\u00e9n que la posible combinaci\u00f3n se aplicar\u00eda m\u00e1s adelante, una vez que concluya la investigaci\u00f3n. En esta etapa se completar\u00e1 la vacunaci\u00f3n con dos dosis del mismo laboratorio.<\/span><span data-ccp-props=\"{&quot;201341983&quot;:0,&quot;335559739&quot;:160,&quot;335559740&quot;:259}\">\u00a0<\/span><\/p>\n","protected":false},"excerpt":{"rendered":"<p>Desde la provincia de Buenos Aires se inici\u00f3 la convocatoria hasta el lunes 12 de julio. Es para mayores de<\/p>\n","protected":false},"author":1,"featured_media":32259,"comment_status":"closed","ping_status":"open","sticky":false,"template":"","format":"standard","meta":{"colormag_page_container_layout":"default_layout","colormag_page_sidebar_layout":"default_layout","footnotes":""},"categories":[17,18,10],"tags":[5226,4284,3775],"class_list":["post-32258","post","type-post","status-publish","format-standard","has-post-thumbnail","hentry","category-destacadas","category-provincia","category-sociedad","tag-combinacion-de-vacunas","tag-coronavirus","tag-provincia-de-buenos-aires"],"_links":{"self":[{"href":"https:\/\/sectorprensa.com.ar\/index.php?rest_route=\/wp\/v2\/posts\/32258","targetHints":{"allow":["GET"]}}],"collection":[{"href":"https:\/\/sectorprensa.com.ar\/index.php?rest_route=\/wp\/v2\/posts"}],"about":[{"href":"https:\/\/sectorprensa.com.ar\/index.php?rest_route=\/wp\/v2\/types\/post"}],"author":[{"embeddable":true,"href":"https:\/\/sectorprensa.com.ar\/index.php?rest_route=\/wp\/v2\/users\/1"}],"replies":[{"embeddable":true,"href":"https:\/\/sectorprensa.com.ar\/index.php?rest_route=%2Fwp%2Fv2%2Fcomments&post=32258"}],"version-history":[{"count":2,"href":"https:\/\/sectorprensa.com.ar\/index.php?rest_route=\/wp\/v2\/posts\/32258\/revisions"}],"predecessor-version":[{"id":32261,"href":"https:\/\/sectorprensa.com.ar\/index.php?rest_route=\/wp\/v2\/posts\/32258\/revisions\/32261"}],"wp:featuredmedia":[{"embeddable":true,"href":"https:\/\/sectorprensa.com.ar\/index.php?rest_route=\/wp\/v2\/media\/32259"}],"wp:attachment":[{"href":"https:\/\/sectorprensa.com.ar\/index.php?rest_route=%2Fwp%2Fv2%2Fmedia&parent=32258"}],"wp:term":[{"taxonomy":"category","embeddable":true,"href":"https:\/\/sectorprensa.com.ar\/index.php?rest_route=%2Fwp%2Fv2%2Fcategories&post=32258"},{"taxonomy":"post_tag","embeddable":true,"href":"https:\/\/sectorprensa.com.ar\/index.php?rest_route=%2Fwp%2Fv2%2Ftags&post=32258"}],"curies":[{"name":"wp","href":"https:\/\/api.w.org\/{rel}","templated":true}]}}