{"id":32262,"date":"2021-07-08T18:16:23","date_gmt":"2021-07-08T21:16:23","guid":{"rendered":"https:\/\/sectorprensa.com.ar\/?p=32262"},"modified":"2021-07-08T18:16:23","modified_gmt":"2021-07-08T21:16:23","slug":"merlo-rescataron-a-simona-en-un-basural-y-buscan-donaciones-para-pagar-su-tratamiento","status":"publish","type":"post","link":"https:\/\/sectorprensa.com.ar\/?p=32262","title":{"rendered":"MERLO: RESCATARON A SIMONA EN UN BASURAL Y BUSCAN DONACIONES PARA PAGAR SU TRATAMIENTO"},"content":{"rendered":"<h6><b><span data-contrast=\"none\">Vecinos del Barrio Albatros le dieron cobijo y alimentaron a una perrita de unos 10 a\u00f1os que fue abandonada y ten\u00eda quemaduras.\u00a0Enterate\u00a0como\u00a0pod\u00e9s\u00a0ayudar.\u00a0<\/span><\/b><span data-ccp-props=\"{&quot;201341983&quot;:1,&quot;335559739&quot;:160,&quot;335559740&quot;:465}\">\u00a0<\/span><\/h6>\n<p><!--more--><\/p>\n<p><span data-contrast=\"none\">Una historia de amor y solidaridad sucedi\u00f3 en el Barrio Albatros del partido de Merlo. El pasado martes por la noche, una perra, de aproximadamente unos 10 a\u00f1os, fue rescatada de un basural. Llevaba casi dos d\u00edas en la calle, hasta que algunos vecinos, quienes la alimentaron, abrigaron y le dieron agua, avisaron del caso y lleg\u00f3 una proteccionista.<\/span><span data-ccp-props=\"{&quot;201341983&quot;:1,&quot;335559739&quot;:160,&quot;335559740&quot;:465}\">\u00a0<\/span><\/p>\n<p><span data-contrast=\"none\">La perrita\u00a0se encontraba con lesiones en la piel producto de quemaduras y con olor a gasoil. No pod\u00eda movilizarse con facilidad, ya que arrastraba sus patas traseras, y apareci\u00f3 entre la basura, de donde logr\u00f3 salir, pero luego fue tapada all\u00ed nuevamente.<\/span><span data-ccp-props=\"{&quot;201341983&quot;:1,&quot;335559739&quot;:160,&quot;335559740&quot;:465}\">\u00a0<\/span><\/p>\n<p><span data-contrast=\"none\">\u201cMucha gente la esquiv\u00f3 porque pasaban y no la ayudaban\u201d, cont\u00f3 el periodista Ezequiel Olivera, vecino del lugar, que particip\u00f3 del acto solidario. A la canina la\u00a0bautizaron\u00a0como Simona.\u00a0<\/span><span data-ccp-props=\"{&quot;201341983&quot;:1,&quot;335559739&quot;:160,&quot;335559740&quot;:465}\">\u00a0<\/span><\/p>\n<p><img loading=\"lazy\" decoding=\"async\" class=\"alignnone  wp-image-32265\" src=\"https:\/\/sectorprensa.com.ar\/wp-content\/uploads\/2021\/07\/WhatsApp-Image-2021-07-08-at-11.55.30-AM.jpeg\" alt=\"\" width=\"402\" height=\"445\" srcset=\"https:\/\/sectorprensa.com.ar\/wp-content\/uploads\/2021\/07\/WhatsApp-Image-2021-07-08-at-11.55.30-AM.jpeg 540w, https:\/\/sectorprensa.com.ar\/wp-content\/uploads\/2021\/07\/WhatsApp-Image-2021-07-08-at-11.55.30-AM-270x300.jpeg 270w\" sizes=\"auto, (max-width: 402px) 100vw, 402px\" \/> <img loading=\"lazy\" decoding=\"async\" class=\"alignnone  wp-image-32266\" src=\"https:\/\/sectorprensa.com.ar\/wp-content\/uploads\/2021\/07\/WhatsApp-Image-2021-07-08-at-11.55.30-AM-1.jpeg\" alt=\"\" width=\"397\" height=\"447\" srcset=\"https:\/\/sectorprensa.com.ar\/wp-content\/uploads\/2021\/07\/WhatsApp-Image-2021-07-08-at-11.55.30-AM-1.jpeg 540w, https:\/\/sectorprensa.com.ar\/wp-content\/uploads\/2021\/07\/WhatsApp-Image-2021-07-08-at-11.55.30-AM-1-266x300.jpeg 266w\" sizes=\"auto, (max-width: 397px) 100vw, 397px\" \/><\/p>\n<p><span data-contrast=\"none\">Cabe destacar que los vecinos del barrio Albatros le brindaron comida, abrigo (el cual le robaron) y agua. Se mantuvo en ese lugar, esquina de Ricardo Rojas y Taboada, hasta que acudi\u00f3 en su ayuda una proteccionista\u00a0merlense. Daiana, fue quien la busc\u00f3 y consigui\u00f3 que la internaran en\u00a0Leocan, en Palermo, donde lucha por salir adelante.<\/span><span data-ccp-props=\"{&quot;201341983&quot;:1,&quot;335559739&quot;:160,&quot;335559740&quot;:465}\">\u00a0<\/span><\/p>\n<p><span data-contrast=\"none\">Horas m\u00e1s\u00a0tarde se conoci\u00f3 el parte m\u00e9dico de Simona que es el siguiente: tiene anemia y los gl\u00f3bulos blancos altos (posible\u00a0erlichia). Funci\u00f3n renal bien. Fosfatasa alcalina alta. Permanece con antibi\u00f3ticos y\u00a0analgesicos\u00a0por suero. Se analizar\u00e1n sus \u00f3rganos internos.<\/span><span data-ccp-props=\"{&quot;201341983&quot;:1,&quot;335559739&quot;:160,&quot;335559740&quot;:465}\">\u00a0<\/span><\/p>\n<p><span data-contrast=\"none\">Los costos de la veterinaria son de 15 mil pesos, de los cuales se pudo pagar 4 mil. Adem\u00e1s, resta saber\u00a0cu\u00e1nto\u00a0ser\u00e1 el monto de los diferentes tratamientos que necesite.<\/span><span data-ccp-props=\"{&quot;201341983&quot;:1,&quot;335559739&quot;:160,&quot;335559740&quot;:465}\">\u00a0<\/span><\/p>\n<p><img loading=\"lazy\" decoding=\"async\" class=\"alignnone size-full wp-image-32263\" src=\"https:\/\/sectorprensa.com.ar\/wp-content\/uploads\/2021\/07\/WhatsApp-Image-2021-07-08-at-11.55.28-AM.jpeg\" alt=\"\" width=\"540\" height=\"601\" srcset=\"https:\/\/sectorprensa.com.ar\/wp-content\/uploads\/2021\/07\/WhatsApp-Image-2021-07-08-at-11.55.28-AM.jpeg 540w, https:\/\/sectorprensa.com.ar\/wp-content\/uploads\/2021\/07\/WhatsApp-Image-2021-07-08-at-11.55.28-AM-270x300.jpeg 270w\" sizes=\"auto, (max-width: 540px) 100vw, 540px\" \/><\/p>\n","protected":false},"excerpt":{"rendered":"<p>Vecinos del Barrio Albatros le dieron cobijo y alimentaron a una perrita de unos 10 a\u00f1os que fue abandonada y<\/p>\n","protected":false},"author":1,"featured_media":32264,"comment_status":"closed","ping_status":"open","sticky":false,"template":"","format":"standard","meta":{"colormag_page_container_layout":"default_layout","colormag_page_sidebar_layout":"default_layout","footnotes":""},"categories":[17,7,10,14],"tags":[25,5228,3189,5227,688],"class_list":["post-32262","post","type-post","status-publish","format-standard","has-post-thumbnail","hentry","category-destacadas","category-merlo","category-sociedad","category-solidaridad","tag-merlo","tag-perrita","tag-rescate","tag-simona","tag-vecinos"],"_links":{"self":[{"href":"https:\/\/sectorprensa.com.ar\/index.php?rest_route=\/wp\/v2\/posts\/32262","targetHints":{"allow":["GET"]}}],"collection":[{"href":"https:\/\/sectorprensa.com.ar\/index.php?rest_route=\/wp\/v2\/posts"}],"about":[{"href":"https:\/\/sectorprensa.com.ar\/index.php?rest_route=\/wp\/v2\/types\/post"}],"author":[{"embeddable":true,"href":"https:\/\/sectorprensa.com.ar\/index.php?rest_route=\/wp\/v2\/users\/1"}],"replies":[{"embeddable":true,"href":"https:\/\/sectorprensa.com.ar\/index.php?rest_route=%2Fwp%2Fv2%2Fcomments&post=32262"}],"version-history":[{"count":1,"href":"https:\/\/sectorprensa.com.ar\/index.php?rest_route=\/wp\/v2\/posts\/32262\/revisions"}],"predecessor-version":[{"id":32267,"href":"https:\/\/sectorprensa.com.ar\/index.php?rest_route=\/wp\/v2\/posts\/32262\/revisions\/32267"}],"wp:featuredmedia":[{"embeddable":true,"href":"https:\/\/sectorprensa.com.ar\/index.php?rest_route=\/wp\/v2\/media\/32264"}],"wp:attachment":[{"href":"https:\/\/sectorprensa.com.ar\/index.php?rest_route=%2Fwp%2Fv2%2Fmedia&parent=32262"}],"wp:term":[{"taxonomy":"category","embeddable":true,"href":"https:\/\/sectorprensa.com.ar\/index.php?rest_route=%2Fwp%2Fv2%2Fcategories&post=32262"},{"taxonomy":"post_tag","embeddable":true,"href":"https:\/\/sectorprensa.com.ar\/index.php?rest_route=%2Fwp%2Fv2%2Ftags&post=32262"}],"curies":[{"name":"wp","href":"https:\/\/api.w.org\/{rel}","templated":true}]}}