{"id":32636,"date":"2021-07-25T09:54:41","date_gmt":"2021-07-25T12:54:41","guid":{"rendered":"https:\/\/sectorprensa.com.ar\/?p=32636"},"modified":"2021-07-25T09:54:41","modified_gmt":"2021-07-25T12:54:41","slug":"moreno-interna-en-todos-en-juntos-y-lista-vecinal-de-la-pareja-de-festa","status":"publish","type":"post","link":"https:\/\/sectorprensa.com.ar\/?p=32636","title":{"rendered":"MORENO: INTERNA EN TODOS, EN JUNTOS Y LISTA \u201cVECINAL\u201d DE LA PAREJA DE FESTA"},"content":{"rendered":"<h6><strong>La intendenta Mariel Fern\u00e1ndez defini\u00f3 la lista del oficialismo, pero no ser\u00e1 la \u00fanica de Todos. Coppola encabezar\u00e1 una de las listas de Juntos. La diputada Uhrig juega con boleta corta.<\/strong><\/h6>\n<p><!--more--><\/p>\n<p>Moreno defini\u00f3 sus listas, siendo uno delos distritos del conurbano oeste con mayor \u201crosca\u201d pol\u00edtica. Por el oficialismo, Mariel Fern\u00e1ndez impuso como primera candidata a concejal a Noelia Saavedra (Movimiento Evita), 2\u00b0 Andr\u00e9s Destefano (Frente Renovador), 3\u00b0 Marisol Gallardo (Ateneo NK- La C\u00e1mpora), 4\u00b0 Beto Fraiz (Hugo del Carril) y 5\u00b0 Noemi Aguilera (Movimiento Evita).<\/p>\n<p>&nbsp;<\/p>\n<blockquote class=\"twitter-tweet\">\n<p dir=\"ltr\" lang=\"es\">Ya presentamos la lista del Frente de Todos. Cada una de las personas que la integran acompa\u00f1aron todo este tiempo al pueblo de Moreno.<\/p>\n<p>La pandemia demostr\u00f3 la gran solidaridad de toda nuestra comunidad. No tengo dudas que esta lista la expresa. <a href=\"https:\/\/t.co\/yDFAnNaE9W\">pic.twitter.com\/yDFAnNaE9W<\/a><\/p>\n<p>\u2014 Mariel Fern\u00e1ndez (@marielfmoreno1) <a href=\"https:\/\/twitter.com\/marielfmoreno1\/status\/1419116349159354368?ref_src=twsrc%5Etfw\">July 25, 2021<\/a><\/p><\/blockquote>\n<p><script async src=\"https:\/\/platform.twitter.com\/widgets.js\" charset=\"utf-8\"><\/script><\/p>\n<p>Dentro del Frente de Todos, un exfuncionario de Walter Festa present\u00f3 su lista. Se trata de Ismael Castro, secretario de Desarrollo Social de la municipalidad de Moreno en la gesti\u00f3n anterior. Lo siguen en la n\u00f3mina, \u00a0Mar\u00eda Teresa Brunati, David D\u00edaz, Camila Quevedo y Carlos Duarte.<\/p>\n<p>No obstante, la esposa del exintendente de Moreno tambi\u00e9n present\u00f3 su lista de la mano del vecinalismo. Se trata de La diputada nacional Romina Uhrig, que present\u00f3 boleta corta por el EVA (Encuentro Vecinal en Acci\u00f3n) partido por el que jug\u00f3 Ram\u00f3n Vera en la \u00faltima elecci\u00f3n. Raul Taborda, Carola Hernandez, Diego Lopez y Graciela Villa, son los apellidos que siguen a la pareja de Walter Festa.<\/p>\n<p>Por el frente Juntos, Leonardo Coppola, concejal de Moreno en uso de licencia, jugar\u00e1 con la lista de Diego Santilli. Mientras que Juli\u00e1n Cigna, ex jefe de PAMI de Moreno, lo har\u00e1 por la lista encabezada por Facundo Manes a nivel provincia de Buenos Aires.<\/p>\n","protected":false},"excerpt":{"rendered":"<p>La intendenta Mariel Fern\u00e1ndez defini\u00f3 la lista del oficialismo, pero no ser\u00e1 la \u00fanica de Todos. Coppola encabezar\u00e1 una de<\/p>\n","protected":false},"author":1,"featured_media":32637,"comment_status":"closed","ping_status":"open","sticky":false,"template":"","format":"standard","meta":{"colormag_page_container_layout":"default_layout","colormag_page_sidebar_layout":"default_layout","footnotes":""},"categories":[17,2154,8],"tags":[2898,437,5144,5283,591],"class_list":["post-32636","post","type-post","status-publish","format-standard","has-post-thumbnail","hentry","category-destacadas","category-moreno","category-politica","tag-mariel-fernandez","tag-moreno","tag-paso-2021","tag-romina-uhrig","tag-walter-festa"],"_links":{"self":[{"href":"https:\/\/sectorprensa.com.ar\/index.php?rest_route=\/wp\/v2\/posts\/32636","targetHints":{"allow":["GET"]}}],"collection":[{"href":"https:\/\/sectorprensa.com.ar\/index.php?rest_route=\/wp\/v2\/posts"}],"about":[{"href":"https:\/\/sectorprensa.com.ar\/index.php?rest_route=\/wp\/v2\/types\/post"}],"author":[{"embeddable":true,"href":"https:\/\/sectorprensa.com.ar\/index.php?rest_route=\/wp\/v2\/users\/1"}],"replies":[{"embeddable":true,"href":"https:\/\/sectorprensa.com.ar\/index.php?rest_route=%2Fwp%2Fv2%2Fcomments&post=32636"}],"version-history":[{"count":1,"href":"https:\/\/sectorprensa.com.ar\/index.php?rest_route=\/wp\/v2\/posts\/32636\/revisions"}],"predecessor-version":[{"id":32638,"href":"https:\/\/sectorprensa.com.ar\/index.php?rest_route=\/wp\/v2\/posts\/32636\/revisions\/32638"}],"wp:featuredmedia":[{"embeddable":true,"href":"https:\/\/sectorprensa.com.ar\/index.php?rest_route=\/wp\/v2\/media\/32637"}],"wp:attachment":[{"href":"https:\/\/sectorprensa.com.ar\/index.php?rest_route=%2Fwp%2Fv2%2Fmedia&parent=32636"}],"wp:term":[{"taxonomy":"category","embeddable":true,"href":"https:\/\/sectorprensa.com.ar\/index.php?rest_route=%2Fwp%2Fv2%2Fcategories&post=32636"},{"taxonomy":"post_tag","embeddable":true,"href":"https:\/\/sectorprensa.com.ar\/index.php?rest_route=%2Fwp%2Fv2%2Ftags&post=32636"}],"curies":[{"name":"wp","href":"https:\/\/api.w.org\/{rel}","templated":true}]}}