{"id":32759,"date":"2021-08-01T19:07:14","date_gmt":"2021-08-01T22:07:14","guid":{"rendered":"https:\/\/sectorprensa.com.ar\/?p=32759"},"modified":"2021-08-07T15:46:55","modified_gmt":"2021-08-07T18:46:55","slug":"el-verde-volvio-a-ganar-arranque-perfecto-del-clausura","status":"publish","type":"post","link":"https:\/\/sectorprensa.com.ar\/?p=32759","title":{"rendered":"EL VERDE VOLVI\u00d3 A GANAR, ARRANQUE PERFECTO DEL CLAUSURA"},"content":{"rendered":"<h6><strong>Fue victoria de Ituzaing\u00f3 ante Claypole por 2 a 0 en un partido cerrado que se abri\u00f3 sobre el final, con goles de Nicol\u00e1s Lugli y Alcides Miranda Moreira.<\/strong><\/h6>\n<p><!--more--><\/p>\n<p>Por la segunda fecha del Torneo Clausura de la Primera C, en el Carlos Sacaan se enfrentaron cara a cara, el local y el \u201cTambero\u201d, tratando de sumar de a tres.<\/p>\n<p>El primer tiempo fue intenso, ambos equipos no se sacaron ventaja y se luch\u00f3 m\u00e1s de lo que se jug\u00f3, pese a que el Verde estuvo cerca de convertir, se fueron al entretiempo con empate en cero.<\/p>\n<p>La segunda mitad fue un calco de la primera etapa y sobre el cierre del partido, llegaron las alegr\u00edas para el equipo de Mat\u00edas De Cicco, primero a los 36 minutos, Nicol\u00e1s Lugli, que entr\u00f3 por Diego Serrano, marc\u00f3 el primer gol, y en tiempo adicionado, Alcides Miranda Moreira le baj\u00f3 la persiana al partido, convirtiendo el segundo tanto y lleg\u00f3 a los nueve goles en el campeonato.<\/p>\n<p>De este modo, Ituzaing\u00f3 consigui\u00f3 su segundo triunfo al hilo y con seis unidades, comparte la punta con General Lamadrid y Deportivo Espa\u00f1ol, que ambos ganaron sus respectivos partidos (Sportivo Italiano y Leandro N. Alem). En la pr\u00f3xima fecha, el Verde visitar\u00e1 a Real Pilar, el domingo que viene desde las 15 hs, buscando otra victoria para quedar solo en la punta del Torneo Clausura de la C.<\/p>\n<p>&nbsp;<\/p>\n<blockquote class=\"twitter-tweet\">\n<p dir=\"ltr\" lang=\"es\">? La Comisi\u00f3n Directiva le entreg\u00f3 un reconocimiento al abogado Guillermo Roldan Verges por su labor en el club ? <a href=\"https:\/\/t.co\/6mmtDxE2xZ\">pic.twitter.com\/6mmtDxE2xZ<\/a><\/p>\n<p>\u2014 Club Atl\u00e9tico Ituzaing\u00f3 (@ItuzaingoPrensa) <a href=\"https:\/\/twitter.com\/ItuzaingoPrensa\/status\/1421907566976716801?ref_src=twsrc%5Etfw\">August 1, 2021<\/a><\/p><\/blockquote>\n<p><script async src=\"https:\/\/platform.twitter.com\/widgets.js\" charset=\"utf-8\"><\/script><\/p>\n<p><strong>S\u00edntesis:<\/strong><\/p>\n<p><strong>Ituzaing\u00f3 (2):<\/strong> Tom\u00e1s Figueroa; Diego Serrano, Emmanuel Mantovani, Luciano Nebot, Fernando Dur\u00e9; Marcos Macchione, Pablo Desp\u00f3sito, Rodrigo Soria, Fernando Guti\u00e9rrez; Jonathan Maza y Alcides Miranda Moreira.<\/p>\n<p><strong>Suplentes:<\/strong> Gonzalo Neila, Alan R\u00edos, Mat\u00edas Caro, Alejandro Ben\u00edtez, Santiago Piersigilli, Lucas Rey, Nicol\u00e1s Lugli.<\/p>\n<p><strong>DT:<\/strong> Mat\u00edas De Cicco<\/p>\n<p><strong>Claypole (0):<\/strong> Tiago Libares; Joshua Romero, Cristian Ordo\u00f1ez, Alejo Daivez, Ian Pezzani; Facundo Garzino, Hern\u00e1n Gonz\u00e1lez, Franco Su\u00e1rez, Braian Ben\u00edtez; Ezequiel Manzanares y Benjam\u00edn Gim\u00e9nez.<\/p>\n<p><strong>Suplentes:<\/strong> Tahiel Alegre, Lautaro Caride, Sebasti\u00e1n Amaya, Dami\u00e1n P\u00e9rez Roa, Juan Cruz Iglesias, Thiago Calone, Agust\u00edn Mellone.<\/p>\n<p><strong>DT:<\/strong> Roque Drago<\/p>\n<p><strong>Goles:<\/strong> 81&#8242; Nicol\u00e1s Lugli (ITU), 90&#8242;(+4) Alcides Miranda Moreira (ITU)<\/p>\n<p><strong>Cambios:<\/strong> 45&#8242; Santiago Piersigilli x Marcos Macchione (ITU), 57&#8242; Alejandro Ben\u00edtez x Fernando Guti\u00e9rrez (ITU), 80&#8242; Nicol\u00e1s Lugli x Diego Serrano (ITU), 83&#8242; Mat\u00edas Caro x Rodrigo Soria (ITU)<\/p>\n<p><strong>Amonestados:<\/strong> Fernando Dur\u00e9 (ITU), Ian Pezzani (CLA), Hern\u00e1n Gonz\u00e1lez (CLA)<\/p>\n<p><strong>\u00c1rbitro:<\/strong> Nicol\u00e1s Kresta<\/p>\n<p><strong>Estadio:<\/strong> Carlos Sacaan<\/p>\n<p><strong><em>Por: Juan Jos\u00e9 Levrero<\/em><\/strong><\/p>\n<p><strong><em>Foto: Prensa Club Atl\u00e9tico Ituzaing\u00f3<\/em><\/strong><\/p>\n","protected":false},"excerpt":{"rendered":"<p>Fue victoria de Ituzaing\u00f3 ante Claypole por 2 a 0 en un partido cerrado que se abri\u00f3 sobre el final,<\/p>\n","protected":false},"author":1,"featured_media":32760,"comment_status":"closed","ping_status":"open","sticky":false,"template":"","format":"standard","meta":{"colormag_page_container_layout":"default_layout","colormag_page_sidebar_layout":"default_layout","footnotes":""},"categories":[11],"tags":[2528,91],"class_list":["post-32759","post","type-post","status-publish","format-standard","has-post-thumbnail","hentry","category-deportes","tag-club-atletico-ituzaingo","tag-primera-c"],"_links":{"self":[{"href":"https:\/\/sectorprensa.com.ar\/index.php?rest_route=\/wp\/v2\/posts\/32759","targetHints":{"allow":["GET"]}}],"collection":[{"href":"https:\/\/sectorprensa.com.ar\/index.php?rest_route=\/wp\/v2\/posts"}],"about":[{"href":"https:\/\/sectorprensa.com.ar\/index.php?rest_route=\/wp\/v2\/types\/post"}],"author":[{"embeddable":true,"href":"https:\/\/sectorprensa.com.ar\/index.php?rest_route=\/wp\/v2\/users\/1"}],"replies":[{"embeddable":true,"href":"https:\/\/sectorprensa.com.ar\/index.php?rest_route=%2Fwp%2Fv2%2Fcomments&post=32759"}],"version-history":[{"count":1,"href":"https:\/\/sectorprensa.com.ar\/index.php?rest_route=\/wp\/v2\/posts\/32759\/revisions"}],"predecessor-version":[{"id":32761,"href":"https:\/\/sectorprensa.com.ar\/index.php?rest_route=\/wp\/v2\/posts\/32759\/revisions\/32761"}],"wp:featuredmedia":[{"embeddable":true,"href":"https:\/\/sectorprensa.com.ar\/index.php?rest_route=\/wp\/v2\/media\/32760"}],"wp:attachment":[{"href":"https:\/\/sectorprensa.com.ar\/index.php?rest_route=%2Fwp%2Fv2%2Fmedia&parent=32759"}],"wp:term":[{"taxonomy":"category","embeddable":true,"href":"https:\/\/sectorprensa.com.ar\/index.php?rest_route=%2Fwp%2Fv2%2Fcategories&post=32759"},{"taxonomy":"post_tag","embeddable":true,"href":"https:\/\/sectorprensa.com.ar\/index.php?rest_route=%2Fwp%2Fv2%2Ftags&post=32759"}],"curies":[{"name":"wp","href":"https:\/\/api.w.org\/{rel}","templated":true}]}}