{"id":32763,"date":"2021-08-01T23:11:14","date_gmt":"2021-08-02T02:11:14","guid":{"rendered":"https:\/\/sectorprensa.com.ar\/?p=32763"},"modified":"2021-08-07T15:45:25","modified_gmt":"2021-08-07T18:45:25","slug":"deportivo-merlo-sigue-sin-ganar-en-el-clausura","status":"publish","type":"post","link":"https:\/\/sectorprensa.com.ar\/?p=32763","title":{"rendered":"DEPORTIVO MERLO SIGUE SIN GANAR EN EL CLAUSURA"},"content":{"rendered":"<h6><strong>El Charro cay\u00f3 ante Talleres de Escalada por 1 a 0, como local, en el marco de la fecha 3 del Clausura de la B Metro. El equipo de Norberto D\u00b4Angelo qued\u00f3 ante\u00faltimo en la tabla.<\/strong><\/h6>\n<p>En el primer tiempo, Deportivo Merlo quiso imponer condiciones y exigi\u00f3 por momentos al arquero Ezequiel Cacace. Por su parte, Talleres no pudo concretar las ocasiones que tuvo de cabeza.<\/p>\n<p>En la segunda parte, el empate se iba a romper. Luego de avisar varias veces por medio de la pelota parada, a los 20\u00b4 Luis Monge empuj\u00f3 una pelota que fue conectada por Alejandro Noriega tras un tiro de esquina.<\/p>\n<p>Segunda derrota consecutiva en casa para el Charro, que se encuentra ante\u00faltimo con 1 punto (producto de dos derrotas y un empate). En la pr\u00f3xima jornada, deber\u00e1 visitar a San Miguel.<\/p>\n","protected":false},"excerpt":{"rendered":"<p>El Charro cay\u00f3 ante Talleres de Escalada por 1 a 0, como local, en el marco de la fecha 3<\/p>\n","protected":false},"author":1,"featured_media":32764,"comment_status":"closed","ping_status":"open","sticky":false,"template":"","format":"standard","meta":{"colormag_page_container_layout":"default_layout","colormag_page_sidebar_layout":"default_layout","footnotes":""},"categories":[11],"tags":[5147,154],"class_list":["post-32763","post","type-post","status-publish","format-standard","has-post-thumbnail","hentry","category-deportes","tag-b-metro","tag-deportivo-merlo"],"_links":{"self":[{"href":"https:\/\/sectorprensa.com.ar\/index.php?rest_route=\/wp\/v2\/posts\/32763","targetHints":{"allow":["GET"]}}],"collection":[{"href":"https:\/\/sectorprensa.com.ar\/index.php?rest_route=\/wp\/v2\/posts"}],"about":[{"href":"https:\/\/sectorprensa.com.ar\/index.php?rest_route=\/wp\/v2\/types\/post"}],"author":[{"embeddable":true,"href":"https:\/\/sectorprensa.com.ar\/index.php?rest_route=\/wp\/v2\/users\/1"}],"replies":[{"embeddable":true,"href":"https:\/\/sectorprensa.com.ar\/index.php?rest_route=%2Fwp%2Fv2%2Fcomments&post=32763"}],"version-history":[{"count":1,"href":"https:\/\/sectorprensa.com.ar\/index.php?rest_route=\/wp\/v2\/posts\/32763\/revisions"}],"predecessor-version":[{"id":32765,"href":"https:\/\/sectorprensa.com.ar\/index.php?rest_route=\/wp\/v2\/posts\/32763\/revisions\/32765"}],"wp:featuredmedia":[{"embeddable":true,"href":"https:\/\/sectorprensa.com.ar\/index.php?rest_route=\/wp\/v2\/media\/32764"}],"wp:attachment":[{"href":"https:\/\/sectorprensa.com.ar\/index.php?rest_route=%2Fwp%2Fv2%2Fmedia&parent=32763"}],"wp:term":[{"taxonomy":"category","embeddable":true,"href":"https:\/\/sectorprensa.com.ar\/index.php?rest_route=%2Fwp%2Fv2%2Fcategories&post=32763"},{"taxonomy":"post_tag","embeddable":true,"href":"https:\/\/sectorprensa.com.ar\/index.php?rest_route=%2Fwp%2Fv2%2Ftags&post=32763"}],"curies":[{"name":"wp","href":"https:\/\/api.w.org\/{rel}","templated":true}]}}