{"id":32802,"date":"2021-08-02T20:12:21","date_gmt":"2021-08-02T23:12:21","guid":{"rendered":"https:\/\/sectorprensa.com.ar\/?p=32802"},"modified":"2021-08-07T15:43:45","modified_gmt":"2021-08-07T18:43:45","slug":"dieron-de-alta-a-mario-ishii","status":"publish","type":"post","link":"https:\/\/sectorprensa.com.ar\/?p=32802","title":{"rendered":"DIERON DE ALTA A MARIO ISHII"},"content":{"rendered":"<h6><strong>El Intendente de Jos\u00e9 C. Paz <\/strong><strong>dej\u00f3 el Hospital Domingo Angio y continuar\u00e1 la recuperaci\u00f3n en su domicilio.<\/strong><\/h6>\n<p><!--more--><\/p>\n<p>Luego de estar once d\u00edas internado en el hospital municipal Domingo Angio por un cuadro grave de coronavirus que deriv\u00f3 en una neumon\u00eda bilateral, Mario Ishii fue dado de alta en el mediod\u00eda de este lunes.<\/p>\n<p><a href=\"https:\/\/sectorprensa.com.ar\/mario-ishii-salio-del-coma-farmacologico\/\" target=\"_blank\" rel=\"noopener\">El intendente de Jos\u00e9 C. Paz estuvo en coma farmacol\u00f3gico<\/a> hasta el jueves pasado y \u00a0tras cuatro d\u00edas franca mejor\u00eda recibi\u00f3 el alta para continuar con tratamiento ambulatorio en su casa.<\/p>\n<p>\u201cGracias a Dios en este momento me siento muy bien\u201d, dijo Ishii al salir del nosocomio local y agreg\u00f3: \u201cHemos terminado el tratamiento y seguir\u00e9 la recuperaci\u00f3n en mi domicilio. Quiero agradecer la atenci\u00f3n de todo el cuerpo m\u00e9dico municipal por haberme salvado la vida\u201d.<\/p>\n<p>&nbsp;<\/p>\n<blockquote class=\"twitter-tweet\">\n<p dir=\"ltr\" lang=\"es\">Hoy recib\u00ed el alta de mi internaci\u00f3n por Covid-19 en el hospital Domingo Angio. Agradezco inmensamente a Dios por mi estado de salud y a todo el personal m\u00e9dico que trabaj\u00f3 en mi atenci\u00f3n y cuid\u00f3 de mi en estos d\u00edas. Continuar\u00e9 con la recuperaci\u00f3n y el tratamiento en mi hogar. <a href=\"https:\/\/t.co\/ynktGy8bVl\">pic.twitter.com\/ynktGy8bVl<\/a><\/p>\n<p>\u2014 Mario Ishii (@ishiiargentina) <a href=\"https:\/\/twitter.com\/ishiiargentina\/status\/1422251429331353600?ref_src=twsrc%5Etfw\">August 2, 2021<\/a><\/p><\/blockquote>\n<blockquote class=\"wp-embedded-content\" data-secret=\"kcCyKt2E7G\"><p><a href=\"https:\/\/sectorprensa.com.ar\/kreplak-asumio-como-ministro-de-salud-de-la-provincia-de-buenos-aires\/\">KREPLAK ASUMI\u00d3 COMO MINISTRO DE SALUD DE LA PROVINCIA DE BUENOS AIRES<\/a><\/p><\/blockquote>\n<p><iframe loading=\"lazy\" class=\"wp-embedded-content\" sandbox=\"allow-scripts\" security=\"restricted\" style=\"position: absolute; clip: rect(1px, 1px, 1px, 1px);\" title=\"&#8220;KREPLAK ASUMI\u00d3 COMO MINISTRO DE SALUD DE LA PROVINCIA DE BUENOS AIRES&#8221; &#8212; SECTOR PRENSA\" src=\"https:\/\/sectorprensa.com.ar\/kreplak-asumio-como-ministro-de-salud-de-la-provincia-de-buenos-aires\/embed\/#?secret=kcCyKt2E7G\" data-secret=\"kcCyKt2E7G\" width=\"600\" height=\"338\" frameborder=\"0\" marginwidth=\"0\" marginheight=\"0\" scrolling=\"no\"><\/iframe><\/p>\n","protected":false},"excerpt":{"rendered":"<p>El Intendente de Jos\u00e9 C. Paz dej\u00f3 el Hospital Domingo Angio y continuar\u00e1 la recuperaci\u00f3n en su domicilio.<\/p>\n","protected":false},"author":1,"featured_media":32803,"comment_status":"closed","ping_status":"open","sticky":false,"template":"","format":"standard","meta":{"colormag_page_container_layout":"default_layout","colormag_page_sidebar_layout":"default_layout","footnotes":""},"categories":[17,10],"tags":[4680,4661],"class_list":["post-32802","post","type-post","status-publish","format-standard","has-post-thumbnail","hentry","category-destacadas","category-sociedad","tag-covid","tag-mario-ishii"],"_links":{"self":[{"href":"https:\/\/sectorprensa.com.ar\/index.php?rest_route=\/wp\/v2\/posts\/32802","targetHints":{"allow":["GET"]}}],"collection":[{"href":"https:\/\/sectorprensa.com.ar\/index.php?rest_route=\/wp\/v2\/posts"}],"about":[{"href":"https:\/\/sectorprensa.com.ar\/index.php?rest_route=\/wp\/v2\/types\/post"}],"author":[{"embeddable":true,"href":"https:\/\/sectorprensa.com.ar\/index.php?rest_route=\/wp\/v2\/users\/1"}],"replies":[{"embeddable":true,"href":"https:\/\/sectorprensa.com.ar\/index.php?rest_route=%2Fwp%2Fv2%2Fcomments&post=32802"}],"version-history":[{"count":1,"href":"https:\/\/sectorprensa.com.ar\/index.php?rest_route=\/wp\/v2\/posts\/32802\/revisions"}],"predecessor-version":[{"id":32804,"href":"https:\/\/sectorprensa.com.ar\/index.php?rest_route=\/wp\/v2\/posts\/32802\/revisions\/32804"}],"wp:featuredmedia":[{"embeddable":true,"href":"https:\/\/sectorprensa.com.ar\/index.php?rest_route=\/wp\/v2\/media\/32803"}],"wp:attachment":[{"href":"https:\/\/sectorprensa.com.ar\/index.php?rest_route=%2Fwp%2Fv2%2Fmedia&parent=32802"}],"wp:term":[{"taxonomy":"category","embeddable":true,"href":"https:\/\/sectorprensa.com.ar\/index.php?rest_route=%2Fwp%2Fv2%2Fcategories&post=32802"},{"taxonomy":"post_tag","embeddable":true,"href":"https:\/\/sectorprensa.com.ar\/index.php?rest_route=%2Fwp%2Fv2%2Ftags&post=32802"}],"curies":[{"name":"wp","href":"https:\/\/api.w.org\/{rel}","templated":true}]}}