{"id":33178,"date":"2021-08-13T10:28:12","date_gmt":"2021-08-13T13:28:12","guid":{"rendered":"https:\/\/sectorprensa.com.ar\/?p=33178"},"modified":"2021-08-13T10:28:12","modified_gmt":"2021-08-13T13:28:12","slug":"cinco-detenidos-por-robar-un-camion-cargado-de-bicicletas","status":"publish","type":"post","link":"https:\/\/sectorprensa.com.ar\/?p=33178","title":{"rendered":"CINCO DETENIDOS POR ROBAR UN CAMI\u00d3N CARGADO DE BICICLETAS"},"content":{"rendered":"<h6><strong>El robo ocurri\u00f3 cuando el cami\u00f3n fue interceptado por cinco delincuentes camino a un local comercial en la localidad de Pablo Nogu\u00e9s, Malvinas Argentinas.\u00a0<\/strong><\/h6>\n<p>Cinco hombres fueron detenidos acusados de robar bajo la modalidad piratas del asfalto un cami\u00f3n cargado de bicicletas y accesorios y mantener cautivo a su chofer, cuando sal\u00eda de una f\u00e1brica camino a un local comercial de la localidad bonaerense de Pablo Nogu\u00e9s, en Malvinas Argentinas.<\/p>\n<p>El conductor del cami\u00f3n fue liberado luego ileso y despojado del rodado en la zona de Munro. El robo ocurri\u00f3 en una f\u00e1brica ubicada en el Polo Industrial de Pablo Nogu\u00e9s, en la calle Otto Krause 4551, donde una banda de piratas del asfalto se apoder\u00f3 de un cami\u00f3n cargado con cuadros, ruedas, cubiertas, c\u00e1maras, accesorios y varias bicicletas.<\/p>\n<p>Seg\u00fan la investigaci\u00f3n, el chofer de 41 a\u00f1os, fue amenazado con armas, reducido y subido a un auto por una parte de la banda, mientras que la otra se llev\u00f3 el cami\u00f3n con la carga.<\/p>\n<blockquote class=\"wp-embedded-content\" data-secret=\"4SQyzJADI7\"><p><a href=\"https:\/\/sectorprensa.com.ar\/malvinas-argentinas-operativo-de-seguridad-en-conjunto-entre-provincia-y-municipio\/\">MALVINAS ARGENTINAS: OPERATIVO DE SEGURIDAD EN CONJUNTO ENTRE PROVINCIA Y MUNICIPIO<\/a><\/p><\/blockquote>\n<p><iframe loading=\"lazy\" class=\"wp-embedded-content\" sandbox=\"allow-scripts\" security=\"restricted\" style=\"position: absolute; clip: rect(1px, 1px, 1px, 1px);\" title=\"&#8220;MALVINAS ARGENTINAS: OPERATIVO DE SEGURIDAD EN CONJUNTO ENTRE PROVINCIA Y MUNICIPIO&#8221; &#8212; SECTOR PRENSA\" src=\"https:\/\/sectorprensa.com.ar\/malvinas-argentinas-operativo-de-seguridad-en-conjunto-entre-provincia-y-municipio\/embed\/#?secret=4SQyzJADI7\" data-secret=\"4SQyzJADI7\" width=\"600\" height=\"338\" frameborder=\"0\" marginwidth=\"0\" marginheight=\"0\" scrolling=\"no\"><\/iframe><\/p>\n<p>La polic\u00eda de Malvinas Argentinas y Pablo Nogu\u00e9s fue alertada del hecho tras encontrar al chofer en Munro y comenz\u00f3 as\u00ed a rastrear al cami\u00f3n. Un m\u00f3vil del Comando de Patrullas distrital divis\u00f3 el rodado del otro lado de la autopista Panamericana, frente a una propiedad de la calle Sullivan al 800, muy cerca de la colectora sur, en el barrio de Pablo Nogu\u00e9s.<\/p>\n<p>En el lugar, los investigadores encontraron a tres personas cuando descargaban la mercader\u00eda robada para ingresarla a un dep\u00f3sito. En paralelo, dos hombres fueron sorprendidos dentro de la vivienda.<\/p>\n<p>La mercader\u00eda y el cami\u00f3n fueron secuestrados y devueltos a la f\u00e1brica asaltada, mientras que los cinco detenidos quedaron a disposici\u00f3n de la Justicia.<\/p>\n","protected":false},"excerpt":{"rendered":"<p>El robo ocurri\u00f3 cuando el cami\u00f3n fue interceptado por cinco delincuentes camino a un local comercial en la localidad de<\/p>\n","protected":false},"author":1,"featured_media":12424,"comment_status":"closed","ping_status":"open","sticky":false,"template":"","format":"standard","meta":{"colormag_page_container_layout":"default_layout","colormag_page_sidebar_layout":"default_layout","footnotes":""},"categories":[17,12],"tags":[],"class_list":["post-33178","post","type-post","status-publish","format-standard","has-post-thumbnail","hentry","category-destacadas","category-policiales"],"_links":{"self":[{"href":"https:\/\/sectorprensa.com.ar\/index.php?rest_route=\/wp\/v2\/posts\/33178","targetHints":{"allow":["GET"]}}],"collection":[{"href":"https:\/\/sectorprensa.com.ar\/index.php?rest_route=\/wp\/v2\/posts"}],"about":[{"href":"https:\/\/sectorprensa.com.ar\/index.php?rest_route=\/wp\/v2\/types\/post"}],"author":[{"embeddable":true,"href":"https:\/\/sectorprensa.com.ar\/index.php?rest_route=\/wp\/v2\/users\/1"}],"replies":[{"embeddable":true,"href":"https:\/\/sectorprensa.com.ar\/index.php?rest_route=%2Fwp%2Fv2%2Fcomments&post=33178"}],"version-history":[{"count":1,"href":"https:\/\/sectorprensa.com.ar\/index.php?rest_route=\/wp\/v2\/posts\/33178\/revisions"}],"predecessor-version":[{"id":33179,"href":"https:\/\/sectorprensa.com.ar\/index.php?rest_route=\/wp\/v2\/posts\/33178\/revisions\/33179"}],"wp:featuredmedia":[{"embeddable":true,"href":"https:\/\/sectorprensa.com.ar\/index.php?rest_route=\/"}],"wp:attachment":[{"href":"https:\/\/sectorprensa.com.ar\/index.php?rest_route=%2Fwp%2Fv2%2Fmedia&parent=33178"}],"wp:term":[{"taxonomy":"category","embeddable":true,"href":"https:\/\/sectorprensa.com.ar\/index.php?rest_route=%2Fwp%2Fv2%2Fcategories&post=33178"},{"taxonomy":"post_tag","embeddable":true,"href":"https:\/\/sectorprensa.com.ar\/index.php?rest_route=%2Fwp%2Fv2%2Ftags&post=33178"}],"curies":[{"name":"wp","href":"https:\/\/api.w.org\/{rel}","templated":true}]}}