{"id":33387,"date":"2021-08-20T10:22:28","date_gmt":"2021-08-20T13:22:28","guid":{"rendered":"https:\/\/sectorprensa.com.ar\/?p=33387"},"modified":"2021-08-20T10:22:28","modified_gmt":"2021-08-20T13:22:28","slug":"la-matanza-dos-detenidos-tras-robo-y-tiroteo-con-la-policia","status":"publish","type":"post","link":"https:\/\/sectorprensa.com.ar\/?p=33387","title":{"rendered":"LA MATANZA: DOS DETENIDOS TRAS ROBO Y TIROTEO CON LA POLIC\u00cdA"},"content":{"rendered":"<h6><strong>Uno de los malvivientes tiene 15 a\u00f1os. Gracias al Comando de Patrullas La Matanza Sur, comenz\u00f3 la persecuci\u00f3n tras haber visto a los ladrones robar un auto en Rafael Castillo. Mir\u00e1 el video.<\/strong><\/h6>\n<p>Un joven y un adolescente de 15 a\u00f1os fueron detenidos tras robar un veh\u00edculo y mantener una persecuci\u00f3n y tiroteo con la polic\u00eda en La Matanza.<\/p>\n<p>El menor de los apresados era buscado adem\u00e1s por otro enfrentamiento que hab\u00eda mantenido d\u00edas atr\u00e1s con un jefe policial al que asalt\u00f3 para robarle la moto.<\/p>\n<p>Las detenciones se realizaron ayer a la tarde, cuando los dos sospechosos, de 21 y 15 a\u00f1os, robaron un auto Volkswagen Up gris a un hombre en el cruce de Recuero y Aguapey, de la localidad de Rafael Castillo.<\/p>\n<p>En su huida ambos fueron descubiertos por polic\u00edas del Comando de Patrullas La Matanza Sur, por lo que se inici\u00f3 una persecuci\u00f3n a la altura de las calles Cochabamba y San Pedro, de Gonz\u00e1lez Cat\u00e1n, hasta que los ladrones bajaron del auto y comenzaron a disparar hacia los efectivos. No obstante, ambos lograron ser rodeados y detenidos ilesos.<\/p>\n<blockquote class=\"twitter-tweet\" data-width=\"550\" data-dnt=\"true\">\n<p lang=\"es\" dir=\"ltr\">Video de RAGO ?\u200d\u2642\ufe0f?\ufe0f\u200d\u2642\ufe0f\u270d? Dos delincuentes, uno de ellos menor, fueron detenidos luego del robo del auto a un matrimonio frente a un comercio en Rafael Castillo, luego hubo persecuci\u00f3n y tiroteo en Gonz\u00e1lez Cat\u00e1n. Uno era buscado por tirotearse con un polic\u00eda en junio. <a href=\"https:\/\/t.co\/85sFcwpoB6\">pic.twitter.com\/85sFcwpoB6<\/a><\/p>\n<p>&mdash; Policiales y Judiciales (RAGO) (@ragotelam) <a href=\"https:\/\/twitter.com\/ragotelam\/status\/1428677667172270081?ref_src=twsrc%5Etfw\">August 20, 2021<\/a><\/p><\/blockquote>\n<p><script async src=\"https:\/\/platform.twitter.com\/widgets.js\" charset=\"utf-8\"><\/script><\/p>\n<p>En el interior del veh\u00edculo los polic\u00edas hallaron un arma de fuego marca Bersa modelo 62 calibre 22 largo y varias municiones.<\/p>\n<p>Los investigadores determinaron luego que el menor de los apresados ten\u00eda un pedido de captura por un robo a mano armada contra un jefe policial de Sub Estaci\u00f3n La Matanza Sur, a quien le robaron una moto, lo que deriv\u00f3 en un tiroteo.<\/p>\n<blockquote class=\"wp-embedded-content\" data-secret=\"nhhFApwXBI\"><p><a href=\"https:\/\/sectorprensa.com.ar\/castillo-robo-beso-a-una-de-las-vendedoras-y-lo-detuvieron\/\">CASTILLO: ROB\u00d3, BES\u00d3 A UNA DE LAS VENDEDORAS Y LO DETUVIERON<\/a><\/p><\/blockquote>\n<p><iframe loading=\"lazy\" class=\"wp-embedded-content\" sandbox=\"allow-scripts\" security=\"restricted\" style=\"position: absolute; clip: rect(1px, 1px, 1px, 1px);\" title=\"&#8220;CASTILLO: ROB\u00d3, BES\u00d3 A UNA DE LAS VENDEDORAS Y LO DETUVIERON&#8221; &#8212; SECTOR PRENSA\" src=\"https:\/\/sectorprensa.com.ar\/castillo-robo-beso-a-una-de-las-vendedoras-y-lo-detuvieron\/embed\/#?secret=nhhFApwXBI\" data-secret=\"nhhFApwXBI\" width=\"600\" height=\"338\" frameborder=\"0\" marginwidth=\"0\" marginheight=\"0\" scrolling=\"no\"><\/iframe><\/p>\n<p>En esa oportunidad fue detenido otro asaltante y se logr\u00f3 recuperar la moto, aunque el adolescente huy\u00f3. Los detenidos quedaron a disposici\u00f3n de la Justicia de Menores de La Matanza.<\/p>\n","protected":false},"excerpt":{"rendered":"<p>Uno de los malvivientes tiene 15 a\u00f1os. Gracias al Comando de Patrullas La Matanza Sur, comenz\u00f3 la persecuci\u00f3n tras haber<\/p>\n","protected":false},"author":1,"featured_media":33388,"comment_status":"closed","ping_status":"open","sticky":false,"template":"","format":"video","meta":{"colormag_page_container_layout":"default_layout","colormag_page_sidebar_layout":"default_layout","footnotes":""},"categories":[17,12],"tags":[],"class_list":["post-33387","post","type-post","status-publish","format-video","has-post-thumbnail","hentry","category-destacadas","category-policiales","post_format-post-format-video"],"_links":{"self":[{"href":"https:\/\/sectorprensa.com.ar\/index.php?rest_route=\/wp\/v2\/posts\/33387","targetHints":{"allow":["GET"]}}],"collection":[{"href":"https:\/\/sectorprensa.com.ar\/index.php?rest_route=\/wp\/v2\/posts"}],"about":[{"href":"https:\/\/sectorprensa.com.ar\/index.php?rest_route=\/wp\/v2\/types\/post"}],"author":[{"embeddable":true,"href":"https:\/\/sectorprensa.com.ar\/index.php?rest_route=\/wp\/v2\/users\/1"}],"replies":[{"embeddable":true,"href":"https:\/\/sectorprensa.com.ar\/index.php?rest_route=%2Fwp%2Fv2%2Fcomments&post=33387"}],"version-history":[{"count":1,"href":"https:\/\/sectorprensa.com.ar\/index.php?rest_route=\/wp\/v2\/posts\/33387\/revisions"}],"predecessor-version":[{"id":33389,"href":"https:\/\/sectorprensa.com.ar\/index.php?rest_route=\/wp\/v2\/posts\/33387\/revisions\/33389"}],"wp:featuredmedia":[{"embeddable":true,"href":"https:\/\/sectorprensa.com.ar\/index.php?rest_route=\/wp\/v2\/media\/33388"}],"wp:attachment":[{"href":"https:\/\/sectorprensa.com.ar\/index.php?rest_route=%2Fwp%2Fv2%2Fmedia&parent=33387"}],"wp:term":[{"taxonomy":"category","embeddable":true,"href":"https:\/\/sectorprensa.com.ar\/index.php?rest_route=%2Fwp%2Fv2%2Fcategories&post=33387"},{"taxonomy":"post_tag","embeddable":true,"href":"https:\/\/sectorprensa.com.ar\/index.php?rest_route=%2Fwp%2Fv2%2Ftags&post=33387"}],"curies":[{"name":"wp","href":"https:\/\/api.w.org\/{rel}","templated":true}]}}