{"id":33748,"date":"2021-08-28T20:41:53","date_gmt":"2021-08-28T23:41:53","guid":{"rendered":"https:\/\/sectorprensa.com.ar\/?p=33748"},"modified":"2021-08-28T20:41:53","modified_gmt":"2021-08-28T23:41:53","slug":"maximo-kirchner-y-una-multitud-en-hurlingham","status":"publish","type":"post","link":"https:\/\/sectorprensa.com.ar\/?p=33748","title":{"rendered":"M\u00c1XIMO KIRCHNER Y UNA MULTITUD EN HURLINGHAM"},"content":{"rendered":"<h6><strong>El presidente de bloque del Frente de Todos en Diputados visit\u00f3 Hurlingham para un acto al aire libre junto al intendente local, Dami\u00e1n Selci y el ex Jefe Comunal, Juan Zabaleta.<\/strong><\/h6>\n<p><!--more--><\/p>\n<p>Este s\u00e1bado la militancia de Hurlingham recibi\u00f3 a M\u00e1ximo Kirchner en las afueras del palacio municipal. Junto al presidente de bloque del bloque del Frente de Todos en la c\u00e1mara de Diputados estuvieron el intendente, Dami\u00e1n Selci y el actual ministro de Desarrollo Social de la naci\u00f3n y jefe comunal saliente, Juan Zabaleta.<\/p>\n<p>Ante la multitud que se congreg\u00f3, M\u00e1ximo Kirchner manifest\u00f3 sobre la campa\u00f1a puerta a puerta que se hace en el distrito: \u201cNo hay nada m\u00e1s lindo que la alegr\u00eda de ustedes. Est\u00e1n dando una demostraci\u00f3n c\u00edvica de participaci\u00f3n. De que podemos construir un futuro mejor. Este puerta a puerta es muy importante. No somos ni superiores, ni inferiores moralmente a nadie, somos argentinos y argentinas comprometidos con el destino de nuestro pa\u00eds, con los sue\u00f1os y anhelos del pueblo, convencidos de que podemos tener un pa\u00eds donde materializarlos\u201d.<\/p>\n<p>&nbsp;<\/p>\n<blockquote class=\"twitter-tweet\">\n<p dir=\"ltr\" lang=\"es\">Gracias M\u00e1ximo, gracias Mart\u00edn, gracias Juan por haber estado en este casa por casa hist\u00f3rico al aire libre con toda la militancia de Hurlingham\u270c\ufe0f <a href=\"https:\/\/t.co\/OfnZe31fg6\">pic.twitter.com\/OfnZe31fg6<\/a><\/p>\n<p>\u2014 Dami\u00e1n Selci (@DamianSelci) <a href=\"https:\/\/twitter.com\/DamianSelci\/status\/1431740092088037379?ref_src=twsrc%5Etfw\">August 28, 2021<\/a><\/p><\/blockquote>\n<p><script async src=\"https:\/\/platform.twitter.com\/widgets.js\" charset=\"utf-8\"><\/script><\/p>\n<p>\u201cDe las experiencias negativas podemos sacar aprendizajes que nos sirvan a futuro. Hemos dado claras se\u00f1ales de que m\u00e1s all\u00e1 de la demora que ha generado la pandemia, han buscado recuperar el poder adquisitivo y abrazar a los argentinos y argentinas. En ese sentido tenemos el ATP que permiti\u00f3 no perder el v\u00ednculo entre los trabajadores y trabajadoras y sus empleadores, bancar a las PyMES y los comerciantes para que no se pierda el laburo\u201d, agreg\u00f3.<\/p>\n<p>\u201cTenemos el desaf\u00edo de superar a los mejores. Yo no quiero que seamos un gobierno que se compare con la mediocridad del macrismo. No tenemos que aspirar a compararnos con los peores, tenemos que trabajar para aspirar a que nos recuerden como los mejores gobierno, como el de Per\u00f3n, de N\u00e9stor o de Cristina\u201d, cerr\u00f3 el jefe de bloque del Frente de Todos.<\/p>\n<blockquote class=\"wp-embedded-content\" data-secret=\"Qn0kE4Gdl8\"><p><a href=\"https:\/\/sectorprensa.com.ar\/tolosa-paz-visito-merlo-y-moreno-y-critico-a-vidal\/\">TOLOSA PAZ VISIT\u00d3 MERLO Y MORENO Y CRITIC\u00d3 A VIDAL<\/a><\/p><\/blockquote>\n<p><iframe loading=\"lazy\" class=\"wp-embedded-content\" sandbox=\"allow-scripts\" security=\"restricted\" style=\"position: absolute; clip: rect(1px, 1px, 1px, 1px);\" title=\"&#8220;TOLOSA PAZ VISIT\u00d3 MERLO Y MORENO Y CRITIC\u00d3 A VIDAL&#8221; &#8212; SECTOR PRENSA\" src=\"https:\/\/sectorprensa.com.ar\/tolosa-paz-visito-merlo-y-moreno-y-critico-a-vidal\/embed\/#?secret=Qn0kE4Gdl8\" data-secret=\"Qn0kE4Gdl8\" width=\"600\" height=\"338\" frameborder=\"0\" marginwidth=\"0\" marginheight=\"0\" scrolling=\"no\"><\/iframe><\/p>\n","protected":false},"excerpt":{"rendered":"<p>El presidente de bloque del Frente de Todos en Diputados visit\u00f3 Hurlingham para un acto al aire libre junto al<\/p>\n","protected":false},"author":1,"featured_media":33749,"comment_status":"closed","ping_status":"open","sticky":false,"template":"","format":"standard","meta":{"colormag_page_container_layout":"default_layout","colormag_page_sidebar_layout":"default_layout","footnotes":""},"categories":[17,6,8],"tags":[327,46,3086,5144],"class_list":["post-33748","post","type-post","status-publish","format-standard","has-post-thumbnail","hentry","category-destacadas","category-hurlingham","category-politica","tag-elecciones","tag-hurlingham","tag-maximo-kirchner","tag-paso-2021"],"_links":{"self":[{"href":"https:\/\/sectorprensa.com.ar\/index.php?rest_route=\/wp\/v2\/posts\/33748","targetHints":{"allow":["GET"]}}],"collection":[{"href":"https:\/\/sectorprensa.com.ar\/index.php?rest_route=\/wp\/v2\/posts"}],"about":[{"href":"https:\/\/sectorprensa.com.ar\/index.php?rest_route=\/wp\/v2\/types\/post"}],"author":[{"embeddable":true,"href":"https:\/\/sectorprensa.com.ar\/index.php?rest_route=\/wp\/v2\/users\/1"}],"replies":[{"embeddable":true,"href":"https:\/\/sectorprensa.com.ar\/index.php?rest_route=%2Fwp%2Fv2%2Fcomments&post=33748"}],"version-history":[{"count":1,"href":"https:\/\/sectorprensa.com.ar\/index.php?rest_route=\/wp\/v2\/posts\/33748\/revisions"}],"predecessor-version":[{"id":33750,"href":"https:\/\/sectorprensa.com.ar\/index.php?rest_route=\/wp\/v2\/posts\/33748\/revisions\/33750"}],"wp:featuredmedia":[{"embeddable":true,"href":"https:\/\/sectorprensa.com.ar\/index.php?rest_route=\/wp\/v2\/media\/33749"}],"wp:attachment":[{"href":"https:\/\/sectorprensa.com.ar\/index.php?rest_route=%2Fwp%2Fv2%2Fmedia&parent=33748"}],"wp:term":[{"taxonomy":"category","embeddable":true,"href":"https:\/\/sectorprensa.com.ar\/index.php?rest_route=%2Fwp%2Fv2%2Fcategories&post=33748"},{"taxonomy":"post_tag","embeddable":true,"href":"https:\/\/sectorprensa.com.ar\/index.php?rest_route=%2Fwp%2Fv2%2Ftags&post=33748"}],"curies":[{"name":"wp","href":"https:\/\/api.w.org\/{rel}","templated":true}]}}