{"id":33818,"date":"2021-08-31T06:00:54","date_gmt":"2021-08-31T09:00:54","guid":{"rendered":"https:\/\/sectorprensa.com.ar\/?p=33818"},"modified":"2021-08-30T22:39:25","modified_gmt":"2021-08-31T01:39:25","slug":"la-matanza-jugaban-al-piki-voley-y-los-asesinaron-a-balazos","status":"publish","type":"post","link":"https:\/\/sectorprensa.com.ar\/?p=33818","title":{"rendered":"LA MATANZA: JUGABAN AL PIKI V\u00d3LEY Y LOS ASESINARON A BALAZOS"},"content":{"rendered":"<h6><strong>Las v\u00edctimas fueron dos primos de 21 y 35 a\u00f1os. El sujeto que dispar\u00f3 escap\u00f3 y es intensamente buscado por la polic\u00eda.<\/strong><\/h6>\n<p>Dos primos de nacionalidad paraguaya fueron asesinados a balazos por un sujeto en una disputa que ocurri\u00f3 mientras se desarrollaba un partido de piki v\u00f3ley. El doble homicidio sucedi\u00f3 en Gonz\u00e1lez Cat\u00e1n, La Matanza. Los efectivos policiales buscan al criminal.<\/p>\n<p>Las v\u00edctimas fueron identificadas como Arnaldo Venialgo P\u00e9rez, de 21 a\u00f1os, y Rub\u00e9n Dar\u00edo Trinidad P\u00e9rez, de 35, quienes eran primos.<\/p>\n<p>Seg\u00fan lo informado, ambos individuos perdieron la vida luego de haber sido trasladados de urgencia a la Unidad de Pronta Atenci\u00f3n (U.P.A.) que se encuentra ubicada en el kil\u00f3metro 29 de la Ruta Nacional 3.<\/p>\n<p>Se comprob\u00f3 que el hecho se produjo en un predio donde se realizaba un partido de piki v\u00f3ley, un deporte que fusiona el v\u00f3ley y el f\u00fatbol, y que se juega principalmente en la arena, aunque tambi\u00e9n es practicado en superficies de hormig\u00f3n o hierba, siempre simulando un campo de voleibol. El terreno est\u00e1 situado en el cruce de pasaje Eva Per\u00f3n y Saturnino Saraza, en Gonz\u00e1lez Cat\u00e1n.<\/p>\n<p>Por motivos que se investigan, se origin\u00f3 en lugar una brutal pelea, en la que un hombre apodado El Negro, de igual nacionalidad, agredi\u00f3 a disparos a las v\u00edctimas para luego escapar r\u00e1pidamente.<\/p>\n<p>Miembros de la comisar\u00eda de Villa Dorrego, en cuya jurisdicci\u00f3n ocurri\u00f3 el il\u00edcito, buscan al autor del doble asesinato.<\/p>\n<blockquote class=\"wp-embedded-content\" data-secret=\"NcWdYPIzPE\"><p><a href=\"https:\/\/sectorprensa.com.ar\/la-matanza-robaron-un-camion-con-56-medias-reses-y-los-detuvieron\/\">LA MATANZA: ROBARON UN CAMI\u00d3N CON 56 MEDIAS RESES Y LOS DETUVIERON<\/a><\/p><\/blockquote>\n<p><iframe loading=\"lazy\" class=\"wp-embedded-content\" sandbox=\"allow-scripts\" security=\"restricted\" style=\"position: absolute; clip: rect(1px, 1px, 1px, 1px);\" title=\"&#8220;LA MATANZA: ROBARON UN CAMI\u00d3N CON 56 MEDIAS RESES Y LOS DETUVIERON&#8221; &#8212; SECTOR PRENSA\" src=\"https:\/\/sectorprensa.com.ar\/la-matanza-robaron-un-camion-con-56-medias-reses-y-los-detuvieron\/embed\/#?secret=NcWdYPIzPE\" data-secret=\"NcWdYPIzPE\" width=\"600\" height=\"338\" frameborder=\"0\" marginwidth=\"0\" marginheight=\"0\" scrolling=\"no\"><\/iframe><\/p>\n<p>En tanto, los integrantes de la delegaci\u00f3n local de la Polic\u00eda Cient\u00edfica fueron convocados para la realizaci\u00f3n de una serie de peritajes.<\/p>\n<p>Intervino en la causa el doctor Marcos Jes\u00fas Borghi, fiscal en turno de la Unidad Tem\u00e1tica de Homicidios de los tribunales de La Matanza.<\/p>\n","protected":false},"excerpt":{"rendered":"<p>Las v\u00edctimas fueron dos primos de 21 y 35 a\u00f1os. El sujeto que dispar\u00f3 escap\u00f3 y es intensamente buscado por<\/p>\n","protected":false},"author":1,"featured_media":33819,"comment_status":"closed","ping_status":"open","sticky":false,"template":"","format":"standard","meta":{"colormag_page_container_layout":"default_layout","colormag_page_sidebar_layout":"default_layout","footnotes":""},"categories":[17,12],"tags":[],"class_list":["post-33818","post","type-post","status-publish","format-standard","has-post-thumbnail","hentry","category-destacadas","category-policiales"],"_links":{"self":[{"href":"https:\/\/sectorprensa.com.ar\/index.php?rest_route=\/wp\/v2\/posts\/33818","targetHints":{"allow":["GET"]}}],"collection":[{"href":"https:\/\/sectorprensa.com.ar\/index.php?rest_route=\/wp\/v2\/posts"}],"about":[{"href":"https:\/\/sectorprensa.com.ar\/index.php?rest_route=\/wp\/v2\/types\/post"}],"author":[{"embeddable":true,"href":"https:\/\/sectorprensa.com.ar\/index.php?rest_route=\/wp\/v2\/users\/1"}],"replies":[{"embeddable":true,"href":"https:\/\/sectorprensa.com.ar\/index.php?rest_route=%2Fwp%2Fv2%2Fcomments&post=33818"}],"version-history":[{"count":1,"href":"https:\/\/sectorprensa.com.ar\/index.php?rest_route=\/wp\/v2\/posts\/33818\/revisions"}],"predecessor-version":[{"id":33820,"href":"https:\/\/sectorprensa.com.ar\/index.php?rest_route=\/wp\/v2\/posts\/33818\/revisions\/33820"}],"wp:featuredmedia":[{"embeddable":true,"href":"https:\/\/sectorprensa.com.ar\/index.php?rest_route=\/wp\/v2\/media\/33819"}],"wp:attachment":[{"href":"https:\/\/sectorprensa.com.ar\/index.php?rest_route=%2Fwp%2Fv2%2Fmedia&parent=33818"}],"wp:term":[{"taxonomy":"category","embeddable":true,"href":"https:\/\/sectorprensa.com.ar\/index.php?rest_route=%2Fwp%2Fv2%2Fcategories&post=33818"},{"taxonomy":"post_tag","embeddable":true,"href":"https:\/\/sectorprensa.com.ar\/index.php?rest_route=%2Fwp%2Fv2%2Ftags&post=33818"}],"curies":[{"name":"wp","href":"https:\/\/api.w.org\/{rel}","templated":true}]}}