{"id":33893,"date":"2021-09-01T13:18:05","date_gmt":"2021-09-01T16:18:05","guid":{"rendered":"https:\/\/sectorprensa.com.ar\/?p=33893"},"modified":"2021-09-03T20:40:02","modified_gmt":"2021-09-03T23:40:02","slug":"moron-manejaba-alcoholizado-y-provoco-un-accidente","status":"publish","type":"post","link":"https:\/\/sectorprensa.com.ar\/?p=33893","title":{"rendered":"MOR\u00d3N: MANEJABA ALCOHOLIZADO Y PROVOC\u00d3 UN ACCIDENTE"},"content":{"rendered":"<h6><strong>El hecho ocurri\u00f3 en la intersecci\u00f3n de la avenida Eva Per\u00f3n y Cucha Cucha, cuando una Ford ranchera se desvi\u00f3 e impact\u00f3 contra un cami\u00f3n con acoplado. Afortunadamente, no hubo v\u00edctimas fatales.\u00a0<\/strong><\/h6>\n<p>Un importante accidente se registr\u00f3 en las \u00faltimas horas en Mor\u00f3n. El hecho ocurri\u00f3 en la intersecci\u00f3n de la avenida Eva Per\u00f3n y Cucha Cucha, cuando el conductor de una Ford ranchera se desvi\u00f3 e impact\u00f3 contra un cami\u00f3n con acoplado.<\/p>\n<p>La camioneta qued\u00f3 enganchada con el paragolpe y cuando el cami\u00f3n fren\u00f3 expuls\u00f3 al rodado que impact\u00f3 contra los coches que estaban en el lugar.<\/p>\n<p>A causa del accidente hubo tres heridos y se generaron grandes demoras ya que el cami\u00f3n qued\u00f3 en el medio de Eva Per\u00f3n. Afortunadamente, no hubo v\u00edctimas fatales.<\/p>\n<blockquote class=\"wp-embedded-content\" data-secret=\"HyeFAQjPDT\"><p><a href=\"https:\/\/sectorprensa.com.ar\/se-incendio-un-colectivo-en-castelar-sur\/\">SE INCENDI\u00d3 UN COLECTIVO EN CASTELAR SUR<\/a><\/p><\/blockquote>\n<p><iframe loading=\"lazy\" class=\"wp-embedded-content\" sandbox=\"allow-scripts\" security=\"restricted\" style=\"position: absolute; clip: rect(1px, 1px, 1px, 1px);\" title=\"&#8220;SE INCENDI\u00d3 UN COLECTIVO EN CASTELAR SUR&#8221; &#8212; SECTOR PRENSA\" src=\"https:\/\/sectorprensa.com.ar\/se-incendio-un-colectivo-en-castelar-sur\/embed\/#?secret=HyeFAQjPDT\" data-secret=\"HyeFAQjPDT\" width=\"600\" height=\"338\" frameborder=\"0\" marginwidth=\"0\" marginheight=\"0\" scrolling=\"no\"><\/iframe><\/p>\n<p>En el lugar se hizo presente personal de Tr\u00e1nsito de Mor\u00f3n y ambulancias de UCM.<\/p>\n","protected":false},"excerpt":{"rendered":"<p>El hecho ocurri\u00f3 en la intersecci\u00f3n de la avenida Eva Per\u00f3n y Cucha Cucha, cuando una Ford ranchera se desvi\u00f3<\/p>\n","protected":false},"author":1,"featured_media":33894,"comment_status":"closed","ping_status":"open","sticky":false,"template":"","format":"standard","meta":{"colormag_page_container_layout":"default_layout","colormag_page_sidebar_layout":"default_layout","footnotes":""},"categories":[17,5,12],"tags":[412,3908,19],"class_list":["post-33893","post","type-post","status-publish","format-standard","has-post-thumbnail","hentry","category-destacadas","category-moron","category-policiales","tag-accidente","tag-alcoholizado","tag-moron"],"_links":{"self":[{"href":"https:\/\/sectorprensa.com.ar\/index.php?rest_route=\/wp\/v2\/posts\/33893","targetHints":{"allow":["GET"]}}],"collection":[{"href":"https:\/\/sectorprensa.com.ar\/index.php?rest_route=\/wp\/v2\/posts"}],"about":[{"href":"https:\/\/sectorprensa.com.ar\/index.php?rest_route=\/wp\/v2\/types\/post"}],"author":[{"embeddable":true,"href":"https:\/\/sectorprensa.com.ar\/index.php?rest_route=\/wp\/v2\/users\/1"}],"replies":[{"embeddable":true,"href":"https:\/\/sectorprensa.com.ar\/index.php?rest_route=%2Fwp%2Fv2%2Fcomments&post=33893"}],"version-history":[{"count":2,"href":"https:\/\/sectorprensa.com.ar\/index.php?rest_route=\/wp\/v2\/posts\/33893\/revisions"}],"predecessor-version":[{"id":34002,"href":"https:\/\/sectorprensa.com.ar\/index.php?rest_route=\/wp\/v2\/posts\/33893\/revisions\/34002"}],"wp:featuredmedia":[{"embeddable":true,"href":"https:\/\/sectorprensa.com.ar\/index.php?rest_route=\/wp\/v2\/media\/33894"}],"wp:attachment":[{"href":"https:\/\/sectorprensa.com.ar\/index.php?rest_route=%2Fwp%2Fv2%2Fmedia&parent=33893"}],"wp:term":[{"taxonomy":"category","embeddable":true,"href":"https:\/\/sectorprensa.com.ar\/index.php?rest_route=%2Fwp%2Fv2%2Fcategories&post=33893"},{"taxonomy":"post_tag","embeddable":true,"href":"https:\/\/sectorprensa.com.ar\/index.php?rest_route=%2Fwp%2Fv2%2Ftags&post=33893"}],"curies":[{"name":"wp","href":"https:\/\/api.w.org\/{rel}","templated":true}]}}