{"id":33952,"date":"2021-09-02T16:41:52","date_gmt":"2021-09-02T19:41:52","guid":{"rendered":"https:\/\/sectorprensa.com.ar\/?p=33952"},"modified":"2021-09-02T16:41:52","modified_gmt":"2021-09-02T19:41:52","slug":"merlo-volvio-la-liga-municipal-de-futbol-femenino","status":"publish","type":"post","link":"https:\/\/sectorprensa.com.ar\/?p=33952","title":{"rendered":"MERLO: VOLVI\u00d3 LA LIGA MUNICIPAL DE F\u00daTBOL FEMENINO"},"content":{"rendered":"<h6><b><span data-contrast=\"none\">Se realiz\u00f3 el primer encuentro de la Liga Municipal de F\u00fatbol\u00a0Femenino luego de un a\u00f1o y medio sin actividad por la pandemia de COVID-19.\u00a0<\/span><\/b><span data-ccp-props=\"{&quot;201341983&quot;:0,&quot;335551550&quot;:1,&quot;335551620&quot;:1,&quot;335559739&quot;:160,&quot;335559740&quot;:259}\">\u00a0<\/span><\/h6>\n<p><!--more--><\/p>\n<p><span data-contrast=\"none\">Participan de la misma, 39 equipos divididos en 4 categor\u00edas seg\u00fan lo indic\u00f3 la Secretar\u00eda de Deportes y Recreaci\u00f3n. Las categor\u00edas\u00a0cadetas, juveniles y mayores son las que se ven\u00edan disputando anteriormente y la novedad de este reencuentro es la incorporaci\u00f3n de categor\u00eda infantiles.<\/span><span data-ccp-props=\"{&quot;201341983&quot;:0,&quot;335551550&quot;:1,&quot;335551620&quot;:1,&quot;335559739&quot;:160,&quot;335559740&quot;:259}\">\u00a0<\/span><\/p>\n<p>El\u00a0Director\u00a0de Inclusi\u00f3n Deportiva, Mart\u00edn\u00a0Bachino\u00a0a\u00f1adi\u00f3 que,\u00a0\u201cson dos mil chicas las que participan en la competencia. Estamos en auge de lo que es el f\u00fatbol femenino y va creciendo, muchas chicas de las que juegan ac\u00e1 en el municipio en f\u00fatbol\u00a05 juegan\u00a0en AFA\u201d.\u00a0Por otro lado;\u00a0\u201cEstamos muy contentos de brindarles el espacio al f\u00fatbol femenino y eso se lo debemos a nuestro Intendente Gustavo Men\u00e9ndez y al secretario de Deportes Lucas\u00a0Scarcella, para dejar que este programa crezca\u201d agradeci\u00f3.<\/p>\n<p>El Coordinador del \u00e1rea de f\u00fatbol femenino, Luis Avalos coment\u00f3; \u201cAl principio hab\u00eda 17 clubes de 2 categor\u00edas y hoy hay alrededor de 40 equipos con 4 categor\u00edas distintas, agradecemos la gesti\u00f3n del Municipio y a los directivos por la libertad y la posibilidad de llevar adelante esta Liga\u201d.<\/p>\n<p>Pablo de\u00a0Felipi, de la Escuela de \u00c1rbitros de la Municipalidad de Merlo a\u00f1adi\u00f3 \u201cLa Liga es sumamente importante para la comunidad de Merlo,\u00a0es\u00a0inclusi\u00f3n\u00a0completamente y brinda actividad deportiva social\u201d.<\/p>\n<p>La actividad tendr\u00e1 lugar cada fin de semana en las canchas de los barrios que participen, dentro de la localidad. Si est\u00e1s interesado\/a en formar parte\u00a0pod\u00e9s\u00a0comunicarte telef\u00f3nicamente a la Subsecretar\u00eda de Educaci\u00f3n, Deportes y Recreaci\u00f3n Tel: 485-5909 o dirigirte personalmente a Av. Constituci\u00f3n 92.<\/p>\n<blockquote class=\"wp-embedded-content\" data-secret=\"qVKhQ3wbYa\"><p><a href=\"https:\/\/sectorprensa.com.ar\/merlo-fiesta-de-peluqueros-y-barberos\/\">MERLO: FIESTA DE PELUQUEROS Y BARBEROS<\/a><\/p><\/blockquote>\n<p><iframe loading=\"lazy\" class=\"wp-embedded-content\" sandbox=\"allow-scripts\" security=\"restricted\" style=\"position: absolute; clip: rect(1px, 1px, 1px, 1px);\" title=\"&#8220;MERLO: FIESTA DE PELUQUEROS Y BARBEROS&#8221; &#8212; SECTOR PRENSA\" src=\"https:\/\/sectorprensa.com.ar\/merlo-fiesta-de-peluqueros-y-barberos\/embed\/#?secret=qVKhQ3wbYa\" data-secret=\"qVKhQ3wbYa\" width=\"600\" height=\"338\" frameborder=\"0\" marginwidth=\"0\" marginheight=\"0\" scrolling=\"no\"><\/iframe><\/p>\n","protected":false},"excerpt":{"rendered":"<p>Se realiz\u00f3 el primer encuentro de la Liga Municipal de F\u00fatbol\u00a0Femenino luego de un a\u00f1o y medio sin actividad por<\/p>\n","protected":false},"author":1,"featured_media":33953,"comment_status":"closed","ping_status":"open","sticky":false,"template":"","format":"standard","meta":{"colormag_page_container_layout":"default_layout","colormag_page_sidebar_layout":"default_layout","footnotes":""},"categories":[11,17,7,1173],"tags":[3611,25],"class_list":["post-33952","post","type-post","status-publish","format-standard","has-post-thumbnail","hentry","category-deportes","category-destacadas","category-merlo","category-municipales","tag-futbol-femenino","tag-merlo"],"_links":{"self":[{"href":"https:\/\/sectorprensa.com.ar\/index.php?rest_route=\/wp\/v2\/posts\/33952","targetHints":{"allow":["GET"]}}],"collection":[{"href":"https:\/\/sectorprensa.com.ar\/index.php?rest_route=\/wp\/v2\/posts"}],"about":[{"href":"https:\/\/sectorprensa.com.ar\/index.php?rest_route=\/wp\/v2\/types\/post"}],"author":[{"embeddable":true,"href":"https:\/\/sectorprensa.com.ar\/index.php?rest_route=\/wp\/v2\/users\/1"}],"replies":[{"embeddable":true,"href":"https:\/\/sectorprensa.com.ar\/index.php?rest_route=%2Fwp%2Fv2%2Fcomments&post=33952"}],"version-history":[{"count":1,"href":"https:\/\/sectorprensa.com.ar\/index.php?rest_route=\/wp\/v2\/posts\/33952\/revisions"}],"predecessor-version":[{"id":33954,"href":"https:\/\/sectorprensa.com.ar\/index.php?rest_route=\/wp\/v2\/posts\/33952\/revisions\/33954"}],"wp:featuredmedia":[{"embeddable":true,"href":"https:\/\/sectorprensa.com.ar\/index.php?rest_route=\/wp\/v2\/media\/33953"}],"wp:attachment":[{"href":"https:\/\/sectorprensa.com.ar\/index.php?rest_route=%2Fwp%2Fv2%2Fmedia&parent=33952"}],"wp:term":[{"taxonomy":"category","embeddable":true,"href":"https:\/\/sectorprensa.com.ar\/index.php?rest_route=%2Fwp%2Fv2%2Fcategories&post=33952"},{"taxonomy":"post_tag","embeddable":true,"href":"https:\/\/sectorprensa.com.ar\/index.php?rest_route=%2Fwp%2Fv2%2Ftags&post=33952"}],"curies":[{"name":"wp","href":"https:\/\/api.w.org\/{rel}","templated":true}]}}