{"id":34298,"date":"2021-09-10T23:55:32","date_gmt":"2021-09-11T02:55:32","guid":{"rendered":"https:\/\/sectorprensa.com.ar\/?p=34298"},"modified":"2021-09-10T23:55:32","modified_gmt":"2021-09-11T02:55:32","slug":"por-falta-de-luz-se-suspendio-el-partido-en-el-nuevo-francisco-urbano","status":"publish","type":"post","link":"https:\/\/sectorprensa.com.ar\/?p=34298","title":{"rendered":"POR FALTA DE LUZ SE SUSPENDI\u00d3 EL PARTIDO EN EL NUEVO FRANCISCO URBANO"},"content":{"rendered":"<h6><strong>El encuentro entre Deportivo Mor\u00f3n y Atl\u00e9tico de Rafaela qued\u00f3 suspendido tras un corte de luz que se gener\u00f3 en el Estadio, cuando se estaban jugando 17 minutos del segundo tiempo, y estaban 0-0.<\/strong><\/h6>\n<p><!--more--><\/p>\n<p>Por la fecha 25 de la Zona B de la Primera Nacional, se enfrentaron el due\u00f1o de casa, y la \u201cCrema\u201d en un encuentro con realidades distintas. El Gallo lleg\u00f3 a este compromiso con una derrota en la fecha pasada ante Independiente Rivadavia de Mendoza por 2 a 0, mientras que Atl\u00e9tico de Rafaela empat\u00f3 ante G\u00fcemes de Santiago del Estero (1-1).<\/p>\n<p>La primera parte tuvo a la vista con una aproximaci\u00f3n de riesgo con un remate de Lautaro Parisi, y el arquero del Gallo, Bruno Galv\u00e1n, contuvo el tiro.<\/p>\n<p>Luego Mor\u00f3n tuvo un par de situaciones para abrir el marcador, pero le falt\u00f3 claridad en la definici\u00f3n, y as\u00ed ambos equipos se fueron al entretiempo con empate en cero.<\/p>\n<p>En la parte complementaria, Mor\u00f3n sali\u00f3 a apostar al contraataque, dado que Rafaela sali\u00f3 decidido a buscar el primer tanto, y a los 14 minutos, un mal c\u00e1lculo de Braian Molina, permiti\u00f3 que Parisi quede mano a mano con Galv\u00e1n, pero el uno del local, evit\u00f3 el primer tanto del elenco dirigido por Walter Otta.<\/p>\n<p>Sin embargo, por problemas con el grupo electr\u00f3geno y ante la falta de luz en el estadio, el partido se detuvo a los 15 del segundo tiempo, y el \u00e1rbitro Luis Lobo Medina esper\u00f3 20 minutos para que pudieran solucionar el tema, pero por falta de garant\u00edas, el juez decidi\u00f3 suspender el encuentro.<\/p>\n<p>De esta manera, habr\u00e1 que esperar cuando se jugar\u00e1 los minutos faltantes del partido que se estaba desarrollando en el Nuevo Francisco Urbano.<\/p>\n<p>Mientras tanto en la pr\u00f3xima fecha, los dirigidos por Lucas Bovaglio visitar\u00e1n a Brown de Puerto Madryn, el s\u00e1bado que viene a partir de las 15:30 hs.<\/p>\n<p>&nbsp;<\/p>\n<blockquote class=\"twitter-tweet\">\n<p dir=\"ltr\" lang=\"es\">? PARTIDO SUSPENDIDO ?<\/p>\n<p>Por fallas en el grupo electr\u00f3geno perteneciente a la televisi\u00f3n, el partido que estaban disputando Mor\u00f3n y Atl\u00e9tico Rafaela en el Estadio Nuevo Francisco Urbano se suspendi\u00f3 a los 15 minutos del segundo tiempo.<a href=\"https:\/\/twitter.com\/hashtag\/VamosGallo?src=hash&amp;ref_src=twsrc%5Etfw\">#VamosGallo<\/a>? <a href=\"https:\/\/t.co\/dCqbtOsIyh\">pic.twitter.com\/dCqbtOsIyh<\/a><\/p>\n<p>\u2014 Club Deportivo Mor\u00f3n ? (@depmoronoficial) <a href=\"https:\/\/twitter.com\/depmoronoficial\/status\/1436517424958951424?ref_src=twsrc%5Etfw\">September 11, 2021<\/a><\/p><\/blockquote>\n<p><script async src=\"https:\/\/platform.twitter.com\/widgets.js\" charset=\"utf-8\"><\/script><\/p>\n<p><strong>S\u00edntesis:<\/strong><\/p>\n<p><strong>Deportivo Mor\u00f3n (0):<\/strong> Bruno Galv\u00e1n; Cristian Broggi, Cristian Paz, Braian Molina, Leonel Bontempo; Alan Sch\u00f6nfeld, Cristian Lillo, Gast\u00f3n Gonz\u00e1lez, Luciano Guaycochea; Brian Orosco y Tob\u00edas Z\u00e1rate.<\/p>\n<p><strong>Suplentes:<\/strong> Juan Mart\u00edn Rojas, Franco Ver\u00f3n, Lucas Abascia, Norberto Palmieri, Santiago Nag\u00fcel, Mariano Bracamonte, Guillermo Villalba, Santiago Sala, Mateo Levato.<\/p>\n<p><strong>DT:<\/strong> Lucas Bovaglio<\/p>\n<p><strong>Atl\u00e9tico de Rafaela (0):<\/strong> Agust\u00edn Grinovero; Christian Chimino, Fernando Pi\u00f1ero, Agust\u00edn Bravo, Roque Ram\u00edrez; Ayrton Portillo, Facundo Nadal\u00edn, Facundo Soloa, Guillermo Funes; Claudio Bieler y Lautaro Parisi.<\/p>\n<p><strong>Suplentes:<\/strong> Pedro Bravo, Gast\u00f3n Tellechea, Brian Calderara, Federico Recalde, Emanuel Molina, Mat\u00edas Valdivia, Enzo Avaro, Franco Jominy, Alex Luna.<\/p>\n<p><strong>DT:<\/strong> Walter Otta<\/p>\n<p><strong>Goles:<\/strong> No hubo<\/p>\n<p><strong>Cambios:<\/strong> 48&#8242; Santiago Sala x Brian Orosco (DEP)<\/p>\n<p><strong>Amonestados:<\/strong> Braian Molina (DEP), Roque Ram\u00edrez (ATL), Fernando Pi\u00f1ero (ATL)<\/p>\n<p><strong>\u00c1rbitro:<\/strong> Luis Lobo Medina<\/p>\n<p><strong>Estadio:<\/strong> Nuevo Francisco Urbano (DEPORTIVO MOR\u00d3N)<\/p>\n<p><strong>Incidencias:<\/strong> 15\u2019ST Suspendido por corte de luz<\/p>\n<p><strong><em>Foto: Prensa Club Deportivo Mor\u00f3n <\/em><\/strong><\/p>\n<p><strong><em>Por: Juan Jos\u00e9 Levrero<\/em><\/strong><\/p>\n","protected":false},"excerpt":{"rendered":"<p>El encuentro entre Deportivo Mor\u00f3n y Atl\u00e9tico de Rafaela qued\u00f3 suspendido tras un corte de luz que se gener\u00f3 en<\/p>\n","protected":false},"author":1,"featured_media":34299,"comment_status":"closed","ping_status":"open","sticky":false,"template":"","format":"standard","meta":{"colormag_page_container_layout":"default_layout","colormag_page_sidebar_layout":"default_layout","footnotes":""},"categories":[11,17],"tags":[4575,55,3397],"class_list":["post-34298","post","type-post","status-publish","format-standard","has-post-thumbnail","hentry","category-deportes","category-destacadas","tag-corte-de-luz","tag-deportivo-moron","tag-primera-nacional"],"_links":{"self":[{"href":"https:\/\/sectorprensa.com.ar\/index.php?rest_route=\/wp\/v2\/posts\/34298","targetHints":{"allow":["GET"]}}],"collection":[{"href":"https:\/\/sectorprensa.com.ar\/index.php?rest_route=\/wp\/v2\/posts"}],"about":[{"href":"https:\/\/sectorprensa.com.ar\/index.php?rest_route=\/wp\/v2\/types\/post"}],"author":[{"embeddable":true,"href":"https:\/\/sectorprensa.com.ar\/index.php?rest_route=\/wp\/v2\/users\/1"}],"replies":[{"embeddable":true,"href":"https:\/\/sectorprensa.com.ar\/index.php?rest_route=%2Fwp%2Fv2%2Fcomments&post=34298"}],"version-history":[{"count":1,"href":"https:\/\/sectorprensa.com.ar\/index.php?rest_route=\/wp\/v2\/posts\/34298\/revisions"}],"predecessor-version":[{"id":34300,"href":"https:\/\/sectorprensa.com.ar\/index.php?rest_route=\/wp\/v2\/posts\/34298\/revisions\/34300"}],"wp:featuredmedia":[{"embeddable":true,"href":"https:\/\/sectorprensa.com.ar\/index.php?rest_route=\/wp\/v2\/media\/34299"}],"wp:attachment":[{"href":"https:\/\/sectorprensa.com.ar\/index.php?rest_route=%2Fwp%2Fv2%2Fmedia&parent=34298"}],"wp:term":[{"taxonomy":"category","embeddable":true,"href":"https:\/\/sectorprensa.com.ar\/index.php?rest_route=%2Fwp%2Fv2%2Fcategories&post=34298"},{"taxonomy":"post_tag","embeddable":true,"href":"https:\/\/sectorprensa.com.ar\/index.php?rest_route=%2Fwp%2Fv2%2Ftags&post=34298"}],"curies":[{"name":"wp","href":"https:\/\/api.w.org\/{rel}","templated":true}]}}