{"id":34335,"date":"2021-09-12T12:25:36","date_gmt":"2021-09-12T15:25:36","guid":{"rendered":"https:\/\/sectorprensa.com.ar\/?p=34335"},"modified":"2021-09-12T12:28:52","modified_gmt":"2021-09-12T15:28:52","slug":"voto-diego-santilli","status":"publish","type":"post","link":"https:\/\/sectorprensa.com.ar\/?p=34335","title":{"rendered":"VOT\u00d3 DIEGO SANTILLI"},"content":{"rendered":"<h6><strong>El pre candidato a Diputado Nacional en la Provincia de Buenos Aires por Juntos por el Cambio, emiti\u00f3 su voto en Tigre y acompa\u00f1ado por su esposa. Pidi\u00f3 que el votante \u00abexprese lo que siente\u00bb.<\/strong><\/h6>\n<p>Diego Santilli, pre candidato a Diputado Nacional en la Provincia de Buenos Aires por Juntos por el Cambio, y quien disputa la interna con Facundo Manes, dej\u00f3 su voto cerca de las 11hs en el Colegio San Pedro de Tigre. Lo hizo acompa\u00f1ado de su esposa Anal\u00eda Maiorana. Anteriormente, tuvo un desayuno junto a sus compa\u00f1eros del espacio y Horacio Rodr\u00edguez Larreta.<\/p>\n<p>\u201cOjal\u00e1 que la gente pueda ir a votar y que expresen lo que sienten con su voto. Hicimos 13.000 km acompa\u00f1ando y escuchando a la gente y eso es tiempo que uno le quita a la familia y eso se siente, por eso es importante estar acompa\u00f1ado por mi esposa hoy aqu\u00ed\u201d, afirm\u00f3.<\/p>\n<p>Con respecto al debate que solicit\u00f3 Manes, aparte de otros postulantes, y al cual se neg\u00f3, se\u00f1al\u00f3: \u00abNosotros hemos debatido siempre\u00bb. Luego, confes\u00f3 que ya firm\u00f3 con un canal para debatir, pero no revel\u00f3 cual ser\u00e1.<\/p>\n<p>\u00abA la tarde tengo que ir a La Plata, nos vamos a juntar con todo el equipo de Facundo a trabajar en conjunto. A partir de ahora es juntos, trabajando y escuchando\u00bb, concluy\u00f3.<\/p>\n","protected":false},"excerpt":{"rendered":"<p>El pre candidato a Diputado Nacional en la Provincia de Buenos Aires por Juntos por el Cambio, emiti\u00f3 su voto<\/p>\n","protected":false},"author":1,"featured_media":34336,"comment_status":"closed","ping_status":"open","sticky":false,"template":"","format":"standard","meta":{"colormag_page_container_layout":"default_layout","colormag_page_sidebar_layout":"default_layout","footnotes":""},"categories":[17,8,18],"tags":[5101,327,3186,5144],"class_list":["post-34335","post","type-post","status-publish","format-standard","has-post-thumbnail","hentry","category-destacadas","category-politica","category-provincia","tag-diego-santilli","tag-elecciones","tag-juntos-por-el-cambio","tag-paso-2021"],"_links":{"self":[{"href":"https:\/\/sectorprensa.com.ar\/index.php?rest_route=\/wp\/v2\/posts\/34335","targetHints":{"allow":["GET"]}}],"collection":[{"href":"https:\/\/sectorprensa.com.ar\/index.php?rest_route=\/wp\/v2\/posts"}],"about":[{"href":"https:\/\/sectorprensa.com.ar\/index.php?rest_route=\/wp\/v2\/types\/post"}],"author":[{"embeddable":true,"href":"https:\/\/sectorprensa.com.ar\/index.php?rest_route=\/wp\/v2\/users\/1"}],"replies":[{"embeddable":true,"href":"https:\/\/sectorprensa.com.ar\/index.php?rest_route=%2Fwp%2Fv2%2Fcomments&post=34335"}],"version-history":[{"count":1,"href":"https:\/\/sectorprensa.com.ar\/index.php?rest_route=\/wp\/v2\/posts\/34335\/revisions"}],"predecessor-version":[{"id":34343,"href":"https:\/\/sectorprensa.com.ar\/index.php?rest_route=\/wp\/v2\/posts\/34335\/revisions\/34343"}],"wp:featuredmedia":[{"embeddable":true,"href":"https:\/\/sectorprensa.com.ar\/index.php?rest_route=\/wp\/v2\/media\/34336"}],"wp:attachment":[{"href":"https:\/\/sectorprensa.com.ar\/index.php?rest_route=%2Fwp%2Fv2%2Fmedia&parent=34335"}],"wp:term":[{"taxonomy":"category","embeddable":true,"href":"https:\/\/sectorprensa.com.ar\/index.php?rest_route=%2Fwp%2Fv2%2Fcategories&post=34335"},{"taxonomy":"post_tag","embeddable":true,"href":"https:\/\/sectorprensa.com.ar\/index.php?rest_route=%2Fwp%2Fv2%2Ftags&post=34335"}],"curies":[{"name":"wp","href":"https:\/\/api.w.org\/{rel}","templated":true}]}}