{"id":34368,"date":"2021-09-12T14:19:23","date_gmt":"2021-09-12T17:19:23","guid":{"rendered":"https:\/\/sectorprensa.com.ar\/?p=34368"},"modified":"2021-09-12T14:19:23","modified_gmt":"2021-09-12T17:19:23","slug":"manuela-castaneira-sumo-su-voto","status":"publish","type":"post","link":"https:\/\/sectorprensa.com.ar\/?p=34368","title":{"rendered":"MANUELA CASTA\u00d1EIRA SUM\u00d3 SU VOTO"},"content":{"rendered":"<h6><strong>La\u00a0 pre candidata del Nuevo M\u00e1s, emiti\u00f3 su voto en la localidad de Gerli. Alent\u00f3 a que\u00a0 la gente vaya a votar y\u00a0 que colaboren con quienes\u00a0 asistan a dejar el sufragio.<\/strong><\/h6>\n<p>Manuela Casta\u00f1eira, la pre candidata a Diputada Nacional en la Provincia de Buenos\u00a0 Aires por el Nuevo M\u00e1s, quien hab\u00eda solicitado unidad en el Frente de Izquierda y un debate con Nicol\u00e1s Del Ca\u00f1o, quien se neg\u00f3, vot\u00f3 en la localidad de Gerli.<\/p>\n<p>En di\u00e1logo con la prensa, dijo: \u201cNosotros estamos alentando a que la sociedad venga a votar. Hay que tratar de colaborar y de que todos puedan llegar a los lugares de votaci\u00f3n. Va a ser un d\u00eda muy at\u00edpico, por eso es muy importante que la gente vote y que se asegure la presencia de las boletas en todos los cuartos oscuros\u201d.<\/p>\n<blockquote class=\"twitter-tweet\" data-width=\"550\" data-dnt=\"true\">\n<p lang=\"es\" dir=\"ltr\"><a href=\"https:\/\/twitter.com\/hashtag\/YaVot%C3%A9?src=hash&amp;ref_src=twsrc%5Etfw\">#YaVot\u00e9<\/a> en Gerli, Avellaneda, en el Jard\u00edn Municipal N\u00ba24. Estamos muy optimistas para hoy ??<\/p>\n<p>Es muy importante que se respete la decisi\u00f3n de cada persona, as\u00ed que si faltan nuestras boletas, escribinos.<a href=\"https:\/\/twitter.com\/hashtag\/PASO2021?src=hash&amp;ref_src=twsrc%5Etfw\">#PASO2021<\/a> <a href=\"https:\/\/twitter.com\/hashtag\/ArgentinaVota?src=hash&amp;ref_src=twsrc%5Etfw\">#ArgentinaVota<\/a> <a href=\"https:\/\/twitter.com\/hashtag\/EleccionesArgentina?src=hash&amp;ref_src=twsrc%5Etfw\">#EleccionesArgentina<\/a> <a href=\"https:\/\/twitter.com\/hashtag\/Elecciones2021?src=hash&amp;ref_src=twsrc%5Etfw\">#Elecciones2021<\/a> <a href=\"https:\/\/t.co\/T7czIZBgt0\">pic.twitter.com\/T7czIZBgt0<\/a><\/p>\n<p>&mdash; Manuela Casta\u00f1eira (@ManuelaC22) <a href=\"https:\/\/twitter.com\/ManuelaC22\/status\/1437078372534870020?ref_src=twsrc%5Etfw\">September 12, 2021<\/a><\/p><\/blockquote>\n<p><script async src=\"https:\/\/platform.twitter.com\/widgets.js\" charset=\"utf-8\"><\/script><\/p>\n","protected":false},"excerpt":{"rendered":"<p>La\u00a0 pre candidata del Nuevo M\u00e1s, emiti\u00f3 su voto en la localidad de Gerli. Alent\u00f3 a que\u00a0 la gente vaya<\/p>\n","protected":false},"author":1,"featured_media":34369,"comment_status":"closed","ping_status":"open","sticky":false,"template":"","format":"standard","meta":{"colormag_page_container_layout":"default_layout","colormag_page_sidebar_layout":"default_layout","footnotes":""},"categories":[17,8,18],"tags":[327,5371,5370,5372,5144],"class_list":["post-34368","post","type-post","status-publish","format-standard","has-post-thumbnail","hentry","category-destacadas","category-politica","category-provincia","tag-elecciones","tag-frente-de-izquierda","tag-manuela-castaneira","tag-nuevo-mas","tag-paso-2021"],"_links":{"self":[{"href":"https:\/\/sectorprensa.com.ar\/index.php?rest_route=\/wp\/v2\/posts\/34368","targetHints":{"allow":["GET"]}}],"collection":[{"href":"https:\/\/sectorprensa.com.ar\/index.php?rest_route=\/wp\/v2\/posts"}],"about":[{"href":"https:\/\/sectorprensa.com.ar\/index.php?rest_route=\/wp\/v2\/types\/post"}],"author":[{"embeddable":true,"href":"https:\/\/sectorprensa.com.ar\/index.php?rest_route=\/wp\/v2\/users\/1"}],"replies":[{"embeddable":true,"href":"https:\/\/sectorprensa.com.ar\/index.php?rest_route=%2Fwp%2Fv2%2Fcomments&post=34368"}],"version-history":[{"count":2,"href":"https:\/\/sectorprensa.com.ar\/index.php?rest_route=\/wp\/v2\/posts\/34368\/revisions"}],"predecessor-version":[{"id":34373,"href":"https:\/\/sectorprensa.com.ar\/index.php?rest_route=\/wp\/v2\/posts\/34368\/revisions\/34373"}],"wp:featuredmedia":[{"embeddable":true,"href":"https:\/\/sectorprensa.com.ar\/index.php?rest_route=\/wp\/v2\/media\/34369"}],"wp:attachment":[{"href":"https:\/\/sectorprensa.com.ar\/index.php?rest_route=%2Fwp%2Fv2%2Fmedia&parent=34368"}],"wp:term":[{"taxonomy":"category","embeddable":true,"href":"https:\/\/sectorprensa.com.ar\/index.php?rest_route=%2Fwp%2Fv2%2Fcategories&post=34368"},{"taxonomy":"post_tag","embeddable":true,"href":"https:\/\/sectorprensa.com.ar\/index.php?rest_route=%2Fwp%2Fv2%2Ftags&post=34368"}],"curies":[{"name":"wp","href":"https:\/\/api.w.org\/{rel}","templated":true}]}}