{"id":34382,"date":"2021-09-12T15:05:12","date_gmt":"2021-09-12T18:05:12","guid":{"rendered":"https:\/\/sectorprensa.com.ar\/?p=34382"},"modified":"2021-09-12T15:05:12","modified_gmt":"2021-09-12T18:05:12","slug":"voto-massa-y-pidio-responsabilidad-a-la-hora-de-informar","status":"publish","type":"post","link":"https:\/\/sectorprensa.com.ar\/?p=34382","title":{"rendered":"VOT\u00d3 MASSA Y PIDI\u00d3 RESPONSABILIDAD A LA HORA DE INFORMAR"},"content":{"rendered":"<h6><strong>El presidente de la C\u00e1mara de Diputados de la Naci\u00f3n se refiri\u00f3 a la posible decisi\u00f3n de la jueza Servini, quien podr\u00eda extender el horario de votaci\u00f3n en CABA por demoras en ese distrito.\u00a0<\/strong><\/h6>\n<p><!--more--><\/p>\n<p>El presidente de la C\u00e1mara de Diputados de la Naci\u00f3n, vot\u00f3 en Tigre y agradeci\u00f3 tanto a autoridades de mesa como a la gente que se acerc\u00f3 a votar, al tiempo que convoc\u00f3 a hacerlo con todos los cuidados necesarios.<\/p>\n<p>Asimismo se refiri\u00f3 a la posible decisi\u00f3n de la jueza Mar\u00eda Servini, quien podr\u00eda extender el horario de votaci\u00f3n en la Ciudad de Buenos Aires por demoras en ese distrito.<\/p>\n<blockquote class=\"wp-embedded-content\" data-secret=\"3LcLXbMxXf\"><p><a href=\"https:\/\/sectorprensa.com.ar\/voto-di-castelnuovo-la-participacion-es-muy-grande\/\">VOT\u00d3 DI CASTELNUOVO: \u201cLA PARTICIPACI\u00d3N ES MUY GRANDE\u201d<\/a><\/p><\/blockquote>\n<p><iframe loading=\"lazy\" class=\"wp-embedded-content\" sandbox=\"allow-scripts\" security=\"restricted\" style=\"position: absolute; clip: rect(1px, 1px, 1px, 1px);\" title=\"&#8220;VOT\u00d3 DI CASTELNUOVO: \u201cLA PARTICIPACI\u00d3N ES MUY GRANDE\u201d&#8221; &#8212; SECTOR PRENSA\" src=\"https:\/\/sectorprensa.com.ar\/voto-di-castelnuovo-la-participacion-es-muy-grande\/embed\/#?secret=3LcLXbMxXf\" data-secret=\"3LcLXbMxXf\" width=\"600\" height=\"338\" frameborder=\"0\" marginwidth=\"0\" marginheight=\"0\" scrolling=\"no\"><\/iframe><\/p>\n<p>\u201cLes pido que no confundamos a la hora de informar porque es muy importante no confundir a la gente\u201d, sostuvo y agreg\u00f3 que \u201cno es lo mismo la realidad de la Ciudad de Buenos Aires que la de la otros lugares del pa\u00eds\u201d que, adem\u00e1s, \u201ctienen otros jueces electorales\u201d.<\/p>\n","protected":false},"excerpt":{"rendered":"<p>El presidente de la C\u00e1mara de Diputados de la Naci\u00f3n se refiri\u00f3 a la posible decisi\u00f3n de la jueza Servini,<\/p>\n","protected":false},"author":1,"featured_media":34384,"comment_status":"closed","ping_status":"open","sticky":false,"template":"","format":"standard","meta":{"colormag_page_container_layout":"default_layout","colormag_page_sidebar_layout":"default_layout","footnotes":""},"categories":[17,8,18],"tags":[327,248],"class_list":["post-34382","post","type-post","status-publish","format-standard","has-post-thumbnail","hentry","category-destacadas","category-politica","category-provincia","tag-elecciones","tag-sergio-massa"],"_links":{"self":[{"href":"https:\/\/sectorprensa.com.ar\/index.php?rest_route=\/wp\/v2\/posts\/34382","targetHints":{"allow":["GET"]}}],"collection":[{"href":"https:\/\/sectorprensa.com.ar\/index.php?rest_route=\/wp\/v2\/posts"}],"about":[{"href":"https:\/\/sectorprensa.com.ar\/index.php?rest_route=\/wp\/v2\/types\/post"}],"author":[{"embeddable":true,"href":"https:\/\/sectorprensa.com.ar\/index.php?rest_route=\/wp\/v2\/users\/1"}],"replies":[{"embeddable":true,"href":"https:\/\/sectorprensa.com.ar\/index.php?rest_route=%2Fwp%2Fv2%2Fcomments&post=34382"}],"version-history":[{"count":1,"href":"https:\/\/sectorprensa.com.ar\/index.php?rest_route=\/wp\/v2\/posts\/34382\/revisions"}],"predecessor-version":[{"id":34385,"href":"https:\/\/sectorprensa.com.ar\/index.php?rest_route=\/wp\/v2\/posts\/34382\/revisions\/34385"}],"wp:featuredmedia":[{"embeddable":true,"href":"https:\/\/sectorprensa.com.ar\/index.php?rest_route=\/wp\/v2\/media\/34384"}],"wp:attachment":[{"href":"https:\/\/sectorprensa.com.ar\/index.php?rest_route=%2Fwp%2Fv2%2Fmedia&parent=34382"}],"wp:term":[{"taxonomy":"category","embeddable":true,"href":"https:\/\/sectorprensa.com.ar\/index.php?rest_route=%2Fwp%2Fv2%2Fcategories&post=34382"},{"taxonomy":"post_tag","embeddable":true,"href":"https:\/\/sectorprensa.com.ar\/index.php?rest_route=%2Fwp%2Fv2%2Ftags&post=34382"}],"curies":[{"name":"wp","href":"https:\/\/api.w.org\/{rel}","templated":true}]}}