{"id":34431,"date":"2021-09-12T23:58:07","date_gmt":"2021-09-13T02:58:07","guid":{"rendered":"https:\/\/sectorprensa.com.ar\/?p=34431"},"modified":"2021-09-13T00:02:35","modified_gmt":"2021-09-13T03:02:35","slug":"alberto-fernandez-algo-no-habremos-hecho-bien-para-que-la-gente-no-nos-acompane","status":"publish","type":"post","link":"https:\/\/sectorprensa.com.ar\/?p=34431","title":{"rendered":"ALBERTO FERN\u00c1NDEZ: \u201cALGO NO HABREMOS HECHO BIEN PARA QUE LA GENTE NO NOS ACOMPA\u00d1E\u201d"},"content":{"rendered":"<h6><strong>El presidente de la naci\u00f3n reconoci\u00f3 la mala elecci\u00f3n nacional del Frente de Todos. \u201cNo voy a bajar los brazos\u201d, asegur\u00f3.<\/strong><\/h6>\n<p><!--more--><\/p>\n<p>Alberto Fern\u00e1ndez habl\u00f3 tras la derrota del Frente de Todos a nivel nacional ante Juntos y afirm\u00f3: \u201cAlgo no habremos hecho bien para que la gente no nos acompa\u00f1e\u201d.<\/p>\n<p>Con autocritica agreg\u00f3: \u201cHay una demanda que no habremos satisfecho en los votantes y desde ma\u00f1ana vamos a resolver los problemas que la gente nos plantea\u201d.<\/p>\n<p>\u201cPongamos un solo objetivo de ac\u00e1 a noviembre, el objetivo es corregir lo que se haya hecho mal y hacer lo que no se haya hecho\u201d, areng\u00f3 a los presentes en el b\u00fanker del Frente de Todos.<\/p>\n<p>\u201cNo voy a bajar los brazos, vamos para adelante que en noviembre vamos a dar vuelta esta historia\u201d, cerr\u00f3 ante la presencia de Cristina Fern\u00e1ndez de Kirchner, Sergio Massa, Axel Kicillof y M\u00e1ximo Kirchner y los precandidatos en CABA y la provincia de Buenos Aires.<\/p>\n<blockquote class=\"wp-embedded-content\" data-secret=\"njPXNptS1s\"><p><a href=\"https:\/\/sectorprensa.com.ar\/tolosa-paz-es-la-candidata-mas-votada-pero-juntos-gana-la-eleccion-en-la-provincia\/\">TOLOSA PAZ ES LA CANDIDATA M\u00c1S VOTADA, PERO JUNTOS GANA LA ELECCI\u00d3N EN LA PROVINCIA<\/a><\/p><\/blockquote>\n<p><iframe loading=\"lazy\" class=\"wp-embedded-content\" sandbox=\"allow-scripts\" security=\"restricted\" style=\"position: absolute; clip: rect(1px, 1px, 1px, 1px);\" title=\"&#8220;TOLOSA PAZ ES LA CANDIDATA M\u00c1S VOTADA, PERO JUNTOS GANA LA ELECCI\u00d3N EN LA PROVINCIA&#8221; &#8212; SECTOR PRENSA\" src=\"https:\/\/sectorprensa.com.ar\/tolosa-paz-es-la-candidata-mas-votada-pero-juntos-gana-la-eleccion-en-la-provincia\/embed\/#?secret=njPXNptS1s\" data-secret=\"njPXNptS1s\" width=\"600\" height=\"338\" frameborder=\"0\" marginwidth=\"0\" marginheight=\"0\" scrolling=\"no\"><\/iframe><\/p>\n","protected":false},"excerpt":{"rendered":"<p>El presidente de la naci\u00f3n reconoci\u00f3 la mala elecci\u00f3n nacional del Frente de Todos. \u201cNo voy a bajar los brazos\u201d,<\/p>\n","protected":false},"author":1,"featured_media":34432,"comment_status":"closed","ping_status":"open","sticky":false,"template":"","format":"standard","meta":{"colormag_page_container_layout":"default_layout","colormag_page_sidebar_layout":"default_layout","footnotes":""},"categories":[1,8],"tags":[3030,3180],"class_list":["post-34431","post","type-post","status-publish","format-standard","has-post-thumbnail","hentry","category-destacado","category-politica","tag-alberto-fernandez","tag-frente-de-todos"],"_links":{"self":[{"href":"https:\/\/sectorprensa.com.ar\/index.php?rest_route=\/wp\/v2\/posts\/34431","targetHints":{"allow":["GET"]}}],"collection":[{"href":"https:\/\/sectorprensa.com.ar\/index.php?rest_route=\/wp\/v2\/posts"}],"about":[{"href":"https:\/\/sectorprensa.com.ar\/index.php?rest_route=\/wp\/v2\/types\/post"}],"author":[{"embeddable":true,"href":"https:\/\/sectorprensa.com.ar\/index.php?rest_route=\/wp\/v2\/users\/1"}],"replies":[{"embeddable":true,"href":"https:\/\/sectorprensa.com.ar\/index.php?rest_route=%2Fwp%2Fv2%2Fcomments&post=34431"}],"version-history":[{"count":2,"href":"https:\/\/sectorprensa.com.ar\/index.php?rest_route=\/wp\/v2\/posts\/34431\/revisions"}],"predecessor-version":[{"id":34436,"href":"https:\/\/sectorprensa.com.ar\/index.php?rest_route=\/wp\/v2\/posts\/34431\/revisions\/34436"}],"wp:featuredmedia":[{"embeddable":true,"href":"https:\/\/sectorprensa.com.ar\/index.php?rest_route=\/wp\/v2\/media\/34432"}],"wp:attachment":[{"href":"https:\/\/sectorprensa.com.ar\/index.php?rest_route=%2Fwp%2Fv2%2Fmedia&parent=34431"}],"wp:term":[{"taxonomy":"category","embeddable":true,"href":"https:\/\/sectorprensa.com.ar\/index.php?rest_route=%2Fwp%2Fv2%2Fcategories&post=34431"},{"taxonomy":"post_tag","embeddable":true,"href":"https:\/\/sectorprensa.com.ar\/index.php?rest_route=%2Fwp%2Fv2%2Ftags&post=34431"}],"curies":[{"name":"wp","href":"https:\/\/api.w.org\/{rel}","templated":true}]}}