{"id":34434,"date":"2021-09-13T00:48:36","date_gmt":"2021-09-13T03:48:36","guid":{"rendered":"https:\/\/sectorprensa.com.ar\/?p=34434"},"modified":"2021-09-13T00:52:24","modified_gmt":"2021-09-13T03:52:24","slug":"tenemos-que-estar-juntos-por-una-provincia-en-la-que-los-valores-de-la-educacion-trabajo-y-conocimiento-nos-hagan-salir-adelante","status":"publish","type":"post","link":"https:\/\/sectorprensa.com.ar\/?p=34434","title":{"rendered":"\u00abTENEMOS QUE ESTAR JUNTOS\u00bb"},"content":{"rendered":"<h6><strong>Diego Santilli agradeci\u00f3 a los votantes por su confianza luego de su victoria en la provincia de Buenos Aires y pidi\u00f3 que voten con las mismas ganas en noviembre. Por otra parte, Facundo Manes reconoci\u00f3 su derrota pero confirm\u00f3 su apoyo al ganador de la interna.<\/strong><\/h6>\n<p>En el b\u00fanker de Juntos por el Cambio, pasadas\u00a0 las 23hs, Diego Santilli dio un discurso en el que agradeci\u00f3 a los votantes por su sorprendente triunfo en la provincia de Buenos Aires frente a Victoria Tolosa Paz que, si bien fue la m\u00e1s votada individualmente, cay\u00f3 en la suma por alianza. Adem\u00e1s, se impuso en la interna con un 60% ante el 40% de Facundo Manes.<\/p>\n<p>\u00abGracias por haber confiado en este equipo, gracias por escucharnos\u00bb, dijo el Vicejefe de Gobierno Porte\u00f1o, quien se encontraba junto a sus compa\u00f1eros del espacio.<\/p>\n<p>\u00abEn cada recorrida escuchamos, aprendemos, tratamos de mejorar Y vamos a tratar de ser mejores para la pr\u00f3xima\u00bb, se\u00f1al\u00f3 Santilli.<\/p>\n<p>Adem\u00e1s de su agradecimiento hacia la gente que lo eligi\u00f3 a trav\u00e9s del sufragio, agradeci\u00f3 a Mauricio Macri (ex Presidente de la Naci\u00f3n), Patricia Bullrich (Presidenta del PRO) y Elisa \u00abLilita\u00bb Carri\u00f3, quien fue una de las fundadoras de la coalici\u00f3n opositora.<\/p>\n<p>Santilli, pidi\u00f3\u00a0 \u00abestar juntos por una provincia en la que los valores de la educaci\u00f3n, del trabajo y del conocimiento nos tienen que hacer salir adelante. En noviembre tenemos que ir a votar con las mismas ganas y la misma actitud que lo hicimos hoy\u00bb.<\/p>\n<p>Por su parte Facundo Manes, quien reconoci\u00f3 la derrota, expres\u00f3 su apoyo al ganador de la interna y afirm\u00f3 su intenci\u00f3n de un trabajo en conjunto para vencer al oficialismo: \u201cVamos a trabajar con Diego Santilli para ganarle al kirchnerismo en noviembre y tambi\u00e9n en 2023\u201d.<\/p>\n<p>\u201cNecesitamos crear un nuevo paradigma que es la revoluci\u00f3n del conocimiento, salir de la grieta que nos empobrece\u201d, explic\u00f3 el integrante de Dar el Paso.<\/p>\n<p>\u00abPara enfrentar esta crisis, la m\u00e1s grande de la historia, necesitamos nuevas t\u00e1cticas y nueva gente\u00bb, apunt\u00f3 el precandidato de la Uni\u00f3n C\u00edvica Radical.<\/p>\n","protected":false},"excerpt":{"rendered":"<p>Diego Santilli agradeci\u00f3 a los votantes por su confianza luego de su victoria en la provincia de Buenos Aires y<\/p>\n","protected":false},"author":1,"featured_media":34435,"comment_status":"closed","ping_status":"open","sticky":false,"template":"","format":"standard","meta":{"colormag_page_container_layout":"default_layout","colormag_page_sidebar_layout":"default_layout","footnotes":""},"categories":[17,8,18],"tags":[5101,5404,5144],"class_list":["post-34434","post","type-post","status-publish","format-standard","has-post-thumbnail","hentry","category-destacadas","category-politica","category-provincia","tag-diego-santilli","tag-facundo-manes-juntos-por-el-cambio","tag-paso-2021"],"_links":{"self":[{"href":"https:\/\/sectorprensa.com.ar\/index.php?rest_route=\/wp\/v2\/posts\/34434","targetHints":{"allow":["GET"]}}],"collection":[{"href":"https:\/\/sectorprensa.com.ar\/index.php?rest_route=\/wp\/v2\/posts"}],"about":[{"href":"https:\/\/sectorprensa.com.ar\/index.php?rest_route=\/wp\/v2\/types\/post"}],"author":[{"embeddable":true,"href":"https:\/\/sectorprensa.com.ar\/index.php?rest_route=\/wp\/v2\/users\/1"}],"replies":[{"embeddable":true,"href":"https:\/\/sectorprensa.com.ar\/index.php?rest_route=%2Fwp%2Fv2%2Fcomments&post=34434"}],"version-history":[{"count":3,"href":"https:\/\/sectorprensa.com.ar\/index.php?rest_route=\/wp\/v2\/posts\/34434\/revisions"}],"predecessor-version":[{"id":34439,"href":"https:\/\/sectorprensa.com.ar\/index.php?rest_route=\/wp\/v2\/posts\/34434\/revisions\/34439"}],"wp:featuredmedia":[{"embeddable":true,"href":"https:\/\/sectorprensa.com.ar\/index.php?rest_route=\/wp\/v2\/media\/34435"}],"wp:attachment":[{"href":"https:\/\/sectorprensa.com.ar\/index.php?rest_route=%2Fwp%2Fv2%2Fmedia&parent=34434"}],"wp:term":[{"taxonomy":"category","embeddable":true,"href":"https:\/\/sectorprensa.com.ar\/index.php?rest_route=%2Fwp%2Fv2%2Fcategories&post=34434"},{"taxonomy":"post_tag","embeddable":true,"href":"https:\/\/sectorprensa.com.ar\/index.php?rest_route=%2Fwp%2Fv2%2Ftags&post=34434"}],"curies":[{"name":"wp","href":"https:\/\/api.w.org\/{rel}","templated":true}]}}