{"id":34478,"date":"2021-09-13T19:54:21","date_gmt":"2021-09-13T22:54:21","guid":{"rendered":"https:\/\/sectorprensa.com.ar\/?p=34478"},"modified":"2021-09-13T19:57:24","modified_gmt":"2021-09-13T22:57:24","slug":"rodriguez-paliza-de-juntos-kubar-saco-mas-votos-que-el-oficialismo","status":"publish","type":"post","link":"https:\/\/sectorprensa.com.ar\/?p=34478","title":{"rendered":"RODR\u00cdGUEZ: PALIZA DE JUNTOS, KUBAR SAC\u00d3 M\u00c1S VOTOS QUE EL OFICIALISMO"},"content":{"rendered":"<h6><b><span data-contrast=\"auto\">El exintendente Dar\u00edo\u00a0Kubar\u00a0gan\u00f3 con claridad la interna macrista y sum\u00f3 casi 800 votos m\u00e1s que el Frente de Todos.<\/span><\/b><span data-ccp-props=\"{&quot;201341983&quot;:0,&quot;335559739&quot;:160,&quot;335559740&quot;:259}\">\u00a0<\/span><\/h6>\n<p><!--more--><\/p>\n<p><span data-contrast=\"auto\">En General Rodr\u00edguez se repiti\u00f3 el triunfo de Juntos como en varios distritos del oeste del conurbano bonaerense, pero en este caso la particularidad fue que la lista del exintendente Dar\u00edo\u00a0Kubar\u00a0sum\u00f3 \u00e9l solo\u00a0m\u00e1s\u00a0votos que la lista del actual\u00a0Jefe\u00a0Comunal, Mauro Garc\u00eda.<\/span><span data-ccp-props=\"{&quot;201341983&quot;:0,&quot;335559739&quot;:160,&quot;335559740&quot;:259}\">\u00a0<\/span><\/p>\n<p><span data-contrast=\"auto\">Yendo a la interna de Juntos,\u00a0Kubar\u00a0sum\u00f3 el 71,13% sacando casi 15 mil votos, mientras que las otras dos listas de la coalici\u00f3n sumaron 6 mil sufragios entre ambas (hubo una lista de Manes y otra de\u00a0Santilli).\u00a0<\/span><span data-ccp-props=\"{&quot;201341983&quot;:0,&quot;335559739&quot;:160,&quot;335559740&quot;:259}\">\u00a0<\/span><\/p>\n<p><span data-contrast=\"auto\">La fuerte ca\u00edda del oficialismo local que solo sum\u00f3 el 30,71% de los votos no deja de sorprender, qued\u00f3 15 puntos abajo de Juntos. Por su parte, la Izquierda (FIT-U) qued\u00f3 en tercer lugar con 4,43%, el Partido Federal hizo una muy buena elecci\u00f3n teniendo en cuenta otros distritos y sum\u00f3 un 3,59%. Quinto fue Avanza Libertad con 3,21% y sexto Vamos con Vos que sum\u00f3 apenas el 2,62%.<\/span><span data-ccp-props=\"{&quot;201341983&quot;:0,&quot;335559739&quot;:160,&quot;335559740&quot;:259}\">\u00a0<\/span><\/p>\n<blockquote class=\"wp-embedded-content\" data-secret=\"HkF3r2dN6J\"><p><a href=\"https:\/\/sectorprensa.com.ar\/moreno-el-frente-de-todos-se-impuso-y-en-juntos-gano-la-lista-de-manes\/\">MORENO: EL FRENTE DE TODOS SE IMPUSO Y EN JUNTOS GAN\u00d3 LA LISTA DE MANES<\/a><\/p><\/blockquote>\n<p><iframe loading=\"lazy\" class=\"wp-embedded-content\" sandbox=\"allow-scripts\" security=\"restricted\" style=\"position: absolute; clip: rect(1px, 1px, 1px, 1px);\" title=\"&#8220;MORENO: EL FRENTE DE TODOS SE IMPUSO Y EN JUNTOS GAN\u00d3 LA LISTA DE MANES&#8221; &#8212; SECTOR PRENSA\" src=\"https:\/\/sectorprensa.com.ar\/moreno-el-frente-de-todos-se-impuso-y-en-juntos-gano-la-lista-de-manes\/embed\/#?secret=HkF3r2dN6J\" data-secret=\"HkF3r2dN6J\" width=\"600\" height=\"338\" frameborder=\"0\" marginwidth=\"0\" marginheight=\"0\" scrolling=\"no\"><\/iframe><\/p>\n","protected":false},"excerpt":{"rendered":"<p>El exintendente Dar\u00edo\u00a0Kubar\u00a0gan\u00f3 con claridad la interna macrista y sum\u00f3 casi 800 votos m\u00e1s que el Frente de Todos.\u00a0<\/p>\n","protected":false},"author":1,"featured_media":34480,"comment_status":"closed","ping_status":"open","sticky":false,"template":"","format":"standard","meta":{"colormag_page_container_layout":"default_layout","colormag_page_sidebar_layout":"default_layout","footnotes":""},"categories":[17,4396,8],"tags":[2265,2164,5282],"class_list":["post-34478","post","type-post","status-publish","format-standard","has-post-thumbnail","hentry","category-destacadas","category-gral-rodriguez","category-politica","tag-dario-kubar","tag-general-rodriguez","tag-juntos"],"_links":{"self":[{"href":"https:\/\/sectorprensa.com.ar\/index.php?rest_route=\/wp\/v2\/posts\/34478","targetHints":{"allow":["GET"]}}],"collection":[{"href":"https:\/\/sectorprensa.com.ar\/index.php?rest_route=\/wp\/v2\/posts"}],"about":[{"href":"https:\/\/sectorprensa.com.ar\/index.php?rest_route=\/wp\/v2\/types\/post"}],"author":[{"embeddable":true,"href":"https:\/\/sectorprensa.com.ar\/index.php?rest_route=\/wp\/v2\/users\/1"}],"replies":[{"embeddable":true,"href":"https:\/\/sectorprensa.com.ar\/index.php?rest_route=%2Fwp%2Fv2%2Fcomments&post=34478"}],"version-history":[{"count":3,"href":"https:\/\/sectorprensa.com.ar\/index.php?rest_route=\/wp\/v2\/posts\/34478\/revisions"}],"predecessor-version":[{"id":34483,"href":"https:\/\/sectorprensa.com.ar\/index.php?rest_route=\/wp\/v2\/posts\/34478\/revisions\/34483"}],"wp:featuredmedia":[{"embeddable":true,"href":"https:\/\/sectorprensa.com.ar\/index.php?rest_route=\/wp\/v2\/media\/34480"}],"wp:attachment":[{"href":"https:\/\/sectorprensa.com.ar\/index.php?rest_route=%2Fwp%2Fv2%2Fmedia&parent=34478"}],"wp:term":[{"taxonomy":"category","embeddable":true,"href":"https:\/\/sectorprensa.com.ar\/index.php?rest_route=%2Fwp%2Fv2%2Fcategories&post=34478"},{"taxonomy":"post_tag","embeddable":true,"href":"https:\/\/sectorprensa.com.ar\/index.php?rest_route=%2Fwp%2Fv2%2Ftags&post=34478"}],"curies":[{"name":"wp","href":"https:\/\/api.w.org\/{rel}","templated":true}]}}