{"id":34601,"date":"2021-09-16T19:17:02","date_gmt":"2021-09-16T22:17:02","guid":{"rendered":"https:\/\/sectorprensa.com.ar\/?p=34601"},"modified":"2021-09-16T19:17:02","modified_gmt":"2021-09-16T22:17:02","slug":"el-gallo-completa-su-partido-el-proximo-jueves-en-el-nfu","status":"publish","type":"post","link":"https:\/\/sectorprensa.com.ar\/?p=34601","title":{"rendered":"EL GALLO COMPLETA SU PARTIDO EL PR\u00d3XIMO JUEVES EN EL NFU"},"content":{"rendered":"<h6><strong>El encuentro entre Deportivo Mor\u00f3n ante Atl\u00e9tico de Rafaela que fue suspendido por fallas en el grupo electr\u00f3geno se disputar\u00e1 la semana que viene.<\/strong><\/h6>\n<p><!--more--><\/p>\n<p>Deportivo Mor\u00f3n y Atl\u00e9tico de Rafaela reanudar\u00e1n el partido correspondiente a la fecha 25 de la Primera Nacional, que fue suspendido el viernes pasado a los 15 minutos del segundo tiempo por un corte de luz en el Nuevo Francisco Urbano.<\/p>\n<p>Luego de un comunicado a trav\u00e9s de la Asociaci\u00f3n del F\u00fatbol Argentino, confirm\u00f3 que el encuentro finalmente se disputar\u00e1 el jueves 23 de septiembre a partir de las 15 en la cancha del Gallo, donde se disputar\u00e1n dos tiempos de 15 minutos cada uno.<\/p>\n<p>Cabe recordar que el duelo estaba empardado en cero, hasta que se par\u00f3 por fallas en el grupo electr\u00f3geno. El \u00e1rbitro Luis Lobo Medina decidi\u00f3 esperar un tiempo prudencial para intentar reanudar el juego, pero ante la falta de garant\u00edas decidi\u00f3 suspenderlo.<\/p>\n<p>En tanto, el pr\u00f3ximo partido que tendr\u00e1n los dirigidos por Lucas Bovaglio ser\u00e1 este s\u00e1bado a las 15.30 frente a Guillermo Brown de Puerto Madryn en condici\u00f3n de visitante, por la fecha 26 de la Zona A de la Primera Nacional.<\/p>\n<p><strong><em>Por: Juan Jos\u00e9 Levrero<\/em><\/strong><\/p>\n<p><em><strong>Foto: Prensa Deportivo Mor\u00f3n\u00a0<\/strong><\/em><\/p>\n","protected":false},"excerpt":{"rendered":"<p>El encuentro entre Deportivo Mor\u00f3n ante Atl\u00e9tico de Rafaela que fue suspendido por fallas en el grupo electr\u00f3geno se disputar\u00e1<\/p>\n","protected":false},"author":1,"featured_media":34602,"comment_status":"closed","ping_status":"open","sticky":false,"template":"","format":"standard","meta":{"colormag_page_container_layout":"default_layout","colormag_page_sidebar_layout":"default_layout","footnotes":""},"categories":[11],"tags":[55],"class_list":["post-34601","post","type-post","status-publish","format-standard","has-post-thumbnail","hentry","category-deportes","tag-deportivo-moron"],"_links":{"self":[{"href":"https:\/\/sectorprensa.com.ar\/index.php?rest_route=\/wp\/v2\/posts\/34601","targetHints":{"allow":["GET"]}}],"collection":[{"href":"https:\/\/sectorprensa.com.ar\/index.php?rest_route=\/wp\/v2\/posts"}],"about":[{"href":"https:\/\/sectorprensa.com.ar\/index.php?rest_route=\/wp\/v2\/types\/post"}],"author":[{"embeddable":true,"href":"https:\/\/sectorprensa.com.ar\/index.php?rest_route=\/wp\/v2\/users\/1"}],"replies":[{"embeddable":true,"href":"https:\/\/sectorprensa.com.ar\/index.php?rest_route=%2Fwp%2Fv2%2Fcomments&post=34601"}],"version-history":[{"count":1,"href":"https:\/\/sectorprensa.com.ar\/index.php?rest_route=\/wp\/v2\/posts\/34601\/revisions"}],"predecessor-version":[{"id":34603,"href":"https:\/\/sectorprensa.com.ar\/index.php?rest_route=\/wp\/v2\/posts\/34601\/revisions\/34603"}],"wp:featuredmedia":[{"embeddable":true,"href":"https:\/\/sectorprensa.com.ar\/index.php?rest_route=\/wp\/v2\/media\/34602"}],"wp:attachment":[{"href":"https:\/\/sectorprensa.com.ar\/index.php?rest_route=%2Fwp%2Fv2%2Fmedia&parent=34601"}],"wp:term":[{"taxonomy":"category","embeddable":true,"href":"https:\/\/sectorprensa.com.ar\/index.php?rest_route=%2Fwp%2Fv2%2Fcategories&post=34601"},{"taxonomy":"post_tag","embeddable":true,"href":"https:\/\/sectorprensa.com.ar\/index.php?rest_route=%2Fwp%2Fv2%2Ftags&post=34601"}],"curies":[{"name":"wp","href":"https:\/\/api.w.org\/{rel}","templated":true}]}}