{"id":35028,"date":"2021-09-28T19:38:25","date_gmt":"2021-09-28T22:38:25","guid":{"rendered":"https:\/\/sectorprensa.com.ar\/?p=35028"},"modified":"2021-09-28T19:42:58","modified_gmt":"2021-09-28T22:42:58","slug":"ramos-mejia-tres-delincuentes-detenidos-tras-persecucion-y-tiroteo","status":"publish","type":"post","link":"https:\/\/sectorprensa.com.ar\/?p=35028","title":{"rendered":"RAMOS MEJ\u00cdA: TRES DELINCUENTES DETENIDOS TRAS PERSECUCI\u00d3N Y TIROTEO"},"content":{"rendered":"<h6><strong>El hecho ocurri\u00f3 anoche tras una persecuci\u00f3n y tiroteo que finaliz\u00f3 en Lomas del Mirador. Los detenidos tienen 19, 24 y 36 a\u00f1os.<\/strong><\/h6>\n<p><!--more--><\/p>\n<p>Tres delincuentes armados que se trasladaban en un auto robado fueron detenidos tras una persecuci\u00f3n que se inici\u00f3 en la localidad bonaerense de Ramos Mej\u00eda y finaliz\u00f3 luego de un tiroteo y choque en Lomas del Mirador.<\/p>\n<p>Todo comenz\u00f3 anoche cuando efectivos de la comisar\u00eda 2da. de Ramos Mej\u00eda observaron un Renault Logan en actitud sospechosa en el cruce de las calles Pringles y Berutti, de la mencionada localidad del partido de La Matanza.<\/p>\n<p><iframe loading=\"lazy\" title=\"LA MATANZA: TRES DELINCUENTES DETENIDOS TRAS UNA PERSECUCI\u00d3N Y TIROTEO\" width=\"800\" height=\"600\" src=\"https:\/\/www.youtube.com\/embed\/-eLImmOv6rY?feature=oembed\" frameborder=\"0\" allow=\"accelerometer; autoplay; clipboard-write; encrypted-media; gyroscope; picture-in-picture\" allowfullscreen><\/iframe><\/p>\n<p>Luego de constatar la patente con los registros, obtuvieron la respuesta de que el veh\u00edculo ten\u00eda una orden de secuestro activo por robo del 16 de este mes, por lo que r\u00e1pidamente dieron la voz de alto.<\/p>\n<p>Los delincuentes no acataron el pedido policial y comenz\u00f3 una persecuci\u00f3n que incluy\u00f3 un tiroteo.<\/p>\n<p>Todo finaliz\u00f3 en el cruce de Cerrito y Salala, en Lomas del Mirador, cuando el rodado conducido por los delincuentes choc\u00f3 con un m\u00f3vil policial que los encerr\u00f3.<\/p>\n<p>Todo qued\u00f3 registrado en una c\u00e1mara de seguridad de la zona, donde se observa c\u00f3mo el Renault Logan es perseguido por al menos dos patrulleros y otro m\u00f3vil, que ven\u00eda en direcci\u00f3n contraria, los encerr\u00f3.<\/p>\n<p>Los detenidos fueron identificados como Leonel Agust\u00edn \u00c1lvarez (19), Marcelo David Gonz\u00e1lez (36) y Leandro Salvatierra (24).<\/p>\n<p>As\u00ed, \u00c1lvarez result\u00f3 herido con un disparo en la axila derecha y en el abdomen mientras que su c\u00f3mplice Salvatierra recibi\u00f3 un tiro tambi\u00e9n en el abdomen.<\/p>\n<p>Ambos delincuentes fueron trasladados a un hospital de la zona, donde fueron atendidos. En tanto, dentro del rodado se incaut\u00f3 un rev\u00f3lver y una pistola Glock con cargador expandido.<\/p>\n<p>Interviene en el hecho la Unidad Funcional de Instrucci\u00f3n (UFI) 11 de La Matanza, a cargo del fiscal Fernando Quiroga.<\/p>\n<blockquote class=\"wp-embedded-content\" data-secret=\"vJJSgZgge8\"><p><a href=\"https:\/\/sectorprensa.com.ar\/robo-pirana-en-ramos-mejia-siete-motochorros-asaltaron-a-un-delivery\/\">ROBO PIRA\u00d1A EN RAMOS MEJ\u00cdA: SIETE MOTOCHORROS ASALTARON A UN DELIVERY<\/a><\/p><\/blockquote>\n<p><iframe loading=\"lazy\" class=\"wp-embedded-content\" sandbox=\"allow-scripts\" security=\"restricted\" style=\"position: absolute; clip: rect(1px, 1px, 1px, 1px);\" title=\"&#8220;ROBO PIRA\u00d1A EN RAMOS MEJ\u00cdA: SIETE MOTOCHORROS ASALTARON A UN DELIVERY&#8221; &#8212; SECTOR PRENSA\" src=\"https:\/\/sectorprensa.com.ar\/robo-pirana-en-ramos-mejia-siete-motochorros-asaltaron-a-un-delivery\/embed\/#?secret=vJJSgZgge8\" data-secret=\"vJJSgZgge8\" width=\"600\" height=\"338\" frameborder=\"0\" marginwidth=\"0\" marginheight=\"0\" scrolling=\"no\"><\/iframe><\/p>\n<p>El hecho qued\u00f3 caratulado como robo calificado del automotor, encubrimiento agravado, atentado y resistencia a la autoridad y tenencia y portaci\u00f3n ilegal de arma de guerra.<\/p>\n","protected":false},"excerpt":{"rendered":"<p>El hecho ocurri\u00f3 anoche tras una persecuci\u00f3n y tiroteo que finaliz\u00f3 en Lomas del Mirador. Los detenidos tienen 19, 24<\/p>\n","protected":false},"author":1,"featured_media":35029,"comment_status":"closed","ping_status":"open","sticky":false,"template":"","format":"video","meta":{"colormag_page_container_layout":"default_layout","colormag_page_sidebar_layout":"default_layout","footnotes":""},"categories":[1,12],"tags":[487,3970,2342,40],"class_list":["post-35028","post","type-post","status-publish","format-video","has-post-thumbnail","hentry","category-destacado","category-policiales","tag-detenidos","tag-lomas-del-mirador","tag-persecucion","tag-ramos-mejia","post_format-post-format-video"],"_links":{"self":[{"href":"https:\/\/sectorprensa.com.ar\/index.php?rest_route=\/wp\/v2\/posts\/35028","targetHints":{"allow":["GET"]}}],"collection":[{"href":"https:\/\/sectorprensa.com.ar\/index.php?rest_route=\/wp\/v2\/posts"}],"about":[{"href":"https:\/\/sectorprensa.com.ar\/index.php?rest_route=\/wp\/v2\/types\/post"}],"author":[{"embeddable":true,"href":"https:\/\/sectorprensa.com.ar\/index.php?rest_route=\/wp\/v2\/users\/1"}],"replies":[{"embeddable":true,"href":"https:\/\/sectorprensa.com.ar\/index.php?rest_route=%2Fwp%2Fv2%2Fcomments&post=35028"}],"version-history":[{"count":1,"href":"https:\/\/sectorprensa.com.ar\/index.php?rest_route=\/wp\/v2\/posts\/35028\/revisions"}],"predecessor-version":[{"id":35030,"href":"https:\/\/sectorprensa.com.ar\/index.php?rest_route=\/wp\/v2\/posts\/35028\/revisions\/35030"}],"wp:featuredmedia":[{"embeddable":true,"href":"https:\/\/sectorprensa.com.ar\/index.php?rest_route=\/wp\/v2\/media\/35029"}],"wp:attachment":[{"href":"https:\/\/sectorprensa.com.ar\/index.php?rest_route=%2Fwp%2Fv2%2Fmedia&parent=35028"}],"wp:term":[{"taxonomy":"category","embeddable":true,"href":"https:\/\/sectorprensa.com.ar\/index.php?rest_route=%2Fwp%2Fv2%2Fcategories&post=35028"},{"taxonomy":"post_tag","embeddable":true,"href":"https:\/\/sectorprensa.com.ar\/index.php?rest_route=%2Fwp%2Fv2%2Ftags&post=35028"}],"curies":[{"name":"wp","href":"https:\/\/api.w.org\/{rel}","templated":true}]}}