{"id":35149,"date":"2021-10-01T14:54:08","date_gmt":"2021-10-01T17:54:08","guid":{"rendered":"https:\/\/sectorprensa.com.ar\/?p=35149"},"modified":"2021-10-04T19:44:44","modified_gmt":"2021-10-04T22:44:44","slug":"moreno-detuvieron-a-narco-que-mato-a-cuchilladas-a-joven","status":"publish","type":"post","link":"https:\/\/sectorprensa.com.ar\/?p=35149","title":{"rendered":"MORENO: DETUVIERON A NARCO QUE MAT\u00d3 A CUCHILLADAS A JOVEN"},"content":{"rendered":"<h6><strong>El individuo de 36 a\u00f1os fue apresado por haber asesinado de 60 cuchilladas a un joven para robar coca\u00edna de una vivienda.<\/strong><\/h6>\n<p><!--more--><\/p>\n<p>En Moreno, los efectivos policiales lograron detener a un narco, de 36 a\u00f1os y apodado El Mexicano, quien era buscado de manera intensa por haber asesinado de 60 cuchilladas a un joven, a quien le habr\u00eda robado coca\u00edna de una vivienda, en un crimen que ocurri\u00f3 en agosto pasado.<\/p>\n<p>Se cree que adem\u00e1s el delincuente ser\u00eda responsable de otro homicidio sucedido recientemente, en el que un ex presidiario fue baleado y quemado mientras estaba acompa\u00f1ado por su novia, en el interior de un autom\u00f3vil.<\/p>\n<p>El individuo fue apresado gracias a un allanamiento que se realiz\u00f3 en una casa situada en Carlos Tejedor al 4800, casi en el cruce con M\u00e1ximo Paz, en Cuartel V.<\/p>\n<p>Los pesquisas destinados en la Direcci\u00f3n Departamental de Investigaciones (D.D.I.) de Moreno &#8211; General Rodr\u00edguez buscaban al sujeto por el homicidio a cuchilladas de un muchacho, de 24 a\u00f1os, descubierto el 25 de agosto pasado, en el interior de una vivienda ubicada en M\u00e1ximo Paz al 5200, en ese mismo vecindario.<\/p>\n<p>Al respecto, se sospecha que el individu\u00f3 mat\u00f3 a la v\u00edctima de al menos 60 puntazos para robarle coca\u00edna que hab\u00eda dentro de ese inmueble.<\/p>\n<p>En poder del malviviente, los servidores p\u00fablicos incautaron cuatro celulares, un cuchillo provisto de una hoja de 10 cent\u00edmetros, una navaja, un camper\u00f3n beige con capucha, un par de zapatillas negras, una gorra blanca con visera y un pantal\u00f3n de jean.<\/p>\n<p>Intervinieron en la causa, que fue caratulada \u201cHomicidio\u201d, el doctor Gabriel Sebasti\u00e1n L\u00f3pez, fiscal de la Unidad Funcional N\u00b0 8, y el Juzgado de Garant\u00edas N\u00b0 3, pertenecientes a los tribunales de Moreno &#8211; General Rodr\u00edguez.<\/p>\n<p>Mientras tanto, la Justicia procura determinar si este narco se encuentra implicado en el asesinato del ex convicto Juan Andr\u00e9s Cant\u00f3n, de 31 a\u00f1os, quien fue baleado y quemado dentro de un VW Bora negro, dominio KFL 280, mientras estaba junto a su novia, identificada como Nadia Gabriela Maldonado, de 39, quien result\u00f3 con heridas.<\/p>\n<blockquote class=\"wp-embedded-content\" data-secret=\"zA7He4ZtLp\"><p><a href=\"https:\/\/sectorprensa.com.ar\/moreno-murio-el-ladron-que-recibio-una-golpiza-por-un-repartidor\/\">MORENO: MURI\u00d3 EL LADR\u00d3N QUE RECIBI\u00d3 UNA GOLPIZA POR UN REPARTIDOR<\/a><\/p><\/blockquote>\n<p><iframe loading=\"lazy\" class=\"wp-embedded-content\" sandbox=\"allow-scripts\" security=\"restricted\" style=\"position: absolute; clip: rect(1px, 1px, 1px, 1px);\" title=\"&#8220;MORENO: MURI\u00d3 EL LADR\u00d3N QUE RECIBI\u00d3 UNA GOLPIZA POR UN REPARTIDOR&#8221; &#8212; SECTOR PRENSA\" src=\"https:\/\/sectorprensa.com.ar\/moreno-murio-el-ladron-que-recibio-una-golpiza-por-un-repartidor\/embed\/#?secret=zA7He4ZtLp\" data-secret=\"zA7He4ZtLp\" width=\"600\" height=\"338\" frameborder=\"0\" marginwidth=\"0\" marginheight=\"0\" scrolling=\"no\"><\/iframe><\/p>\n<p>Este crimen, que tuvo gran repercusi\u00f3n, ocurri\u00f3 a las 19.30 del 16 de julio pasado en Pedro de Angelis, entre S\u00f3crates y General Juan Lavalle, en la localidad bonaerense de Francisco \u00c1lvarez.<\/p>\n","protected":false},"excerpt":{"rendered":"<p>El individuo de 36 a\u00f1os fue apresado por haber asesinado de 60 cuchilladas a un joven para robar coca\u00edna de<\/p>\n","protected":false},"author":1,"featured_media":35150,"comment_status":"closed","ping_status":"open","sticky":false,"template":"","format":"standard","meta":{"colormag_page_container_layout":"default_layout","colormag_page_sidebar_layout":"default_layout","footnotes":""},"categories":[17,2154,12],"tags":[2327,570,2008],"class_list":["post-35149","post","type-post","status-publish","format-standard","has-post-thumbnail","hentry","category-destacadas","category-moreno","category-policiales","tag-cuartel-v","tag-detenido","tag-narco"],"_links":{"self":[{"href":"https:\/\/sectorprensa.com.ar\/index.php?rest_route=\/wp\/v2\/posts\/35149","targetHints":{"allow":["GET"]}}],"collection":[{"href":"https:\/\/sectorprensa.com.ar\/index.php?rest_route=\/wp\/v2\/posts"}],"about":[{"href":"https:\/\/sectorprensa.com.ar\/index.php?rest_route=\/wp\/v2\/types\/post"}],"author":[{"embeddable":true,"href":"https:\/\/sectorprensa.com.ar\/index.php?rest_route=\/wp\/v2\/users\/1"}],"replies":[{"embeddable":true,"href":"https:\/\/sectorprensa.com.ar\/index.php?rest_route=%2Fwp%2Fv2%2Fcomments&post=35149"}],"version-history":[{"count":1,"href":"https:\/\/sectorprensa.com.ar\/index.php?rest_route=\/wp\/v2\/posts\/35149\/revisions"}],"predecessor-version":[{"id":35151,"href":"https:\/\/sectorprensa.com.ar\/index.php?rest_route=\/wp\/v2\/posts\/35149\/revisions\/35151"}],"wp:featuredmedia":[{"embeddable":true,"href":"https:\/\/sectorprensa.com.ar\/index.php?rest_route=\/wp\/v2\/media\/35150"}],"wp:attachment":[{"href":"https:\/\/sectorprensa.com.ar\/index.php?rest_route=%2Fwp%2Fv2%2Fmedia&parent=35149"}],"wp:term":[{"taxonomy":"category","embeddable":true,"href":"https:\/\/sectorprensa.com.ar\/index.php?rest_route=%2Fwp%2Fv2%2Fcategories&post=35149"},{"taxonomy":"post_tag","embeddable":true,"href":"https:\/\/sectorprensa.com.ar\/index.php?rest_route=%2Fwp%2Fv2%2Ftags&post=35149"}],"curies":[{"name":"wp","href":"https:\/\/api.w.org\/{rel}","templated":true}]}}