{"id":35436,"date":"2021-10-11T16:40:34","date_gmt":"2021-10-11T19:40:34","guid":{"rendered":"https:\/\/sectorprensa.com.ar\/?p=35436"},"modified":"2021-10-11T16:40:34","modified_gmt":"2021-10-11T19:40:34","slug":"un-merlense-gano-la-media-maraton-de-buenos-aires","status":"publish","type":"post","link":"https:\/\/sectorprensa.com.ar\/?p=35436","title":{"rendered":"UN MERLENSE GAN\u00d3 LA MEDIA MARAT\u00d3N DE BUENOS AIRES"},"content":{"rendered":"<h6><strong>Fabi\u00e1n Manrique logr\u00f3 su mejor marca y se consagr\u00f3 en la jornada de ayer en la prueba de los 21 kil\u00f3metros.<\/strong><\/h6>\n<p><!--more--><\/p>\n<p>Volvieron las carreras oficiales. Este domingo a las 7:30hs, los atletas volvieron a las pistas luego de un a\u00f1o y se corrieron los 21 y 42 kil\u00f3metros de la Media Marat\u00f3n de la Ciudad de Buenos Aires, que tuvo un ganador oriundo de Merlo.<\/p>\n<p>Con un tiempo de 1:04:43, su mejor marca, Fabi\u00e1n Manrique se subi\u00f3 a lo m\u00e1s alto del podio. El Merlense expres\u00f3 su felicidad, se\u00f1al\u00f3 que fueron meses muy duros y que \u00abes algo \u00fanico ganar esta competencia\u00bb.<\/p>\n<p>Manrique se inici\u00f3 como futbolista en las inferiores de Midland, con la velocidad como su fuerte, pero debi\u00f3 dejar la actividad para trabajar. Con la ayuda del atleta Luis Molina y su entrenador Guillermo Rold\u00e1n, se dedic\u00f3 de lleno y progres\u00f3 en el deporte que actualmente realiza.<\/p>\n<p>Los pr\u00f3ximos objetivos del merlense son el Campeonato Nacional de Cross Country, se disputar\u00e1 en noviembre, y la Pista Indoor de Espa\u00f1a, que se llevar\u00e1 a cabo en enero de 2o22.<\/p>\n","protected":false},"excerpt":{"rendered":"<p>Fabi\u00e1n Manrique logr\u00f3 su mejor marca y se consagr\u00f3 en la jornada de ayer en la prueba de los 21<\/p>\n","protected":false},"author":1,"featured_media":35437,"comment_status":"closed","ping_status":"open","sticky":false,"template":"","format":"standard","meta":{"colormag_page_container_layout":"default_layout","colormag_page_sidebar_layout":"default_layout","footnotes":""},"categories":[11,17,7],"tags":[5498,5499],"class_list":["post-35436","post","type-post","status-publish","format-standard","has-post-thumbnail","hentry","category-deportes","category-destacadas","category-merlo","tag-fabian-manrique","tag-media-maraton"],"_links":{"self":[{"href":"https:\/\/sectorprensa.com.ar\/index.php?rest_route=\/wp\/v2\/posts\/35436","targetHints":{"allow":["GET"]}}],"collection":[{"href":"https:\/\/sectorprensa.com.ar\/index.php?rest_route=\/wp\/v2\/posts"}],"about":[{"href":"https:\/\/sectorprensa.com.ar\/index.php?rest_route=\/wp\/v2\/types\/post"}],"author":[{"embeddable":true,"href":"https:\/\/sectorprensa.com.ar\/index.php?rest_route=\/wp\/v2\/users\/1"}],"replies":[{"embeddable":true,"href":"https:\/\/sectorprensa.com.ar\/index.php?rest_route=%2Fwp%2Fv2%2Fcomments&post=35436"}],"version-history":[{"count":1,"href":"https:\/\/sectorprensa.com.ar\/index.php?rest_route=\/wp\/v2\/posts\/35436\/revisions"}],"predecessor-version":[{"id":35438,"href":"https:\/\/sectorprensa.com.ar\/index.php?rest_route=\/wp\/v2\/posts\/35436\/revisions\/35438"}],"wp:featuredmedia":[{"embeddable":true,"href":"https:\/\/sectorprensa.com.ar\/index.php?rest_route=\/wp\/v2\/media\/35437"}],"wp:attachment":[{"href":"https:\/\/sectorprensa.com.ar\/index.php?rest_route=%2Fwp%2Fv2%2Fmedia&parent=35436"}],"wp:term":[{"taxonomy":"category","embeddable":true,"href":"https:\/\/sectorprensa.com.ar\/index.php?rest_route=%2Fwp%2Fv2%2Fcategories&post=35436"},{"taxonomy":"post_tag","embeddable":true,"href":"https:\/\/sectorprensa.com.ar\/index.php?rest_route=%2Fwp%2Fv2%2Ftags&post=35436"}],"curies":[{"name":"wp","href":"https:\/\/api.w.org\/{rel}","templated":true}]}}