{"id":35615,"date":"2021-10-15T09:00:34","date_gmt":"2021-10-15T12:00:34","guid":{"rendered":"https:\/\/sectorprensa.com.ar\/?p=35615"},"modified":"2021-10-14T21:17:01","modified_gmt":"2021-10-15T00:17:01","slug":"detuvieron-a-peligroso-motochorro-en-rafael-castillo","status":"publish","type":"post","link":"https:\/\/sectorprensa.com.ar\/?p=35615","title":{"rendered":"DETUVIERON A PELIGROSO \u201cMOTOCHORRO\u201d EN RAFAEL CASTILLO"},"content":{"rendered":"<h6><strong>Al sujeto, identificado como Rub\u00e9n Sebasti\u00e1n, le secuestraron dos motos robadas, once celulares, dos armas de fuego y 25.000 pesos.\u00a0<\/strong><\/h6>\n<p><!--more--><\/p>\n<p>El mi\u00e9rcoles pasado, personal de la Estaci\u00f3n de Polic\u00eda de La Matanza detuvo a un temible \u201cmotochorro\u201d en la localidad de Rafael Castillo y le incaut\u00f3 dos motos robadas, once celulares y dos armas de fuego, entre otros elementos.<\/p>\n<p>Luego de un allanamiento realizado en la calle Felipe Llavallol al 3.900, los agentes de la Comisar\u00eda Distrital Este Segunda de Isidro Casanova detuvieron a un ladr\u00f3n motorizado identificado como Rub\u00e9n Sebasti\u00e1n, de 21 a\u00f1os.<\/p>\n<p>En poder del detenido, los uniformados incautaron los mencionados once celulares, una tablet, 25.000 pesos, dos armas de fuego, dos motocicletas marca Honda CG 150 y XR 250 y municiones de diversos calibres.<\/p>\n<p>Seg\u00fan lo informado, una de las motos decomisadas (Honda XR 250) estuvo involucrada en, al menos, dos il\u00edcitos. El \u00faltimo de esos atracos fue cometido en la calle Atenas al 2.300 y tuvo como v\u00edctima a un repartidor.<\/p>\n<p>En la causa, caratulada como \u201cRobo agravado por el uso de arma de fuego reiterados\u201d, interviene la UFI N\u00b0 12 y el Juzgado de Garant\u00edas N\u00b0 2 del Departamento Judicial de La Matanza.<\/p>\n<blockquote class=\"wp-embedded-content\" data-secret=\"GiJHSao7nJ\"><p><a href=\"https:\/\/sectorprensa.com.ar\/la-matanza-un-nene-fallecio-electrocutado\/\">LA MATANZA: UN NENE FALLECI\u00d3 ELECTROCUTADO<\/a><\/p><\/blockquote>\n<p><iframe loading=\"lazy\" class=\"wp-embedded-content\" sandbox=\"allow-scripts\" security=\"restricted\" style=\"position: absolute; clip: rect(1px, 1px, 1px, 1px);\" title=\"&#8220;LA MATANZA: UN NENE FALLECI\u00d3 ELECTROCUTADO&#8221; &#8212; SECTOR PRENSA\" src=\"https:\/\/sectorprensa.com.ar\/la-matanza-un-nene-fallecio-electrocutado\/embed\/#?secret=GiJHSao7nJ\" data-secret=\"GiJHSao7nJ\" width=\"600\" height=\"338\" frameborder=\"0\" marginwidth=\"0\" marginheight=\"0\" scrolling=\"no\"><\/iframe><\/p>\n<p>A su vez, adem\u00e1s de los efectivos de la Comisar\u00eda Este Segunda de Isidro Casanova, en los operativos participaron agentes del Grupo de Apoyo Departamental (GAD) y de la Comisar\u00eda Distrital Este Cuarta de Tapiales.<\/p>\n","protected":false},"excerpt":{"rendered":"<p>Al sujeto, identificado como Rub\u00e9n Sebasti\u00e1n, le secuestraron dos motos robadas, once celulares, dos armas de fuego y 25.000 pesos.\u00a0<\/p>\n","protected":false},"author":1,"featured_media":35616,"comment_status":"closed","ping_status":"open","sticky":false,"template":"","format":"standard","meta":{"colormag_page_container_layout":"default_layout","colormag_page_sidebar_layout":"default_layout","footnotes":""},"categories":[17,12],"tags":[570,767,1824,2730],"class_list":["post-35615","post","type-post","status-publish","format-standard","has-post-thumbnail","hentry","category-destacadas","category-policiales","tag-detenido","tag-la-matanza","tag-motochorro","tag-rafael-castillo"],"_links":{"self":[{"href":"https:\/\/sectorprensa.com.ar\/index.php?rest_route=\/wp\/v2\/posts\/35615","targetHints":{"allow":["GET"]}}],"collection":[{"href":"https:\/\/sectorprensa.com.ar\/index.php?rest_route=\/wp\/v2\/posts"}],"about":[{"href":"https:\/\/sectorprensa.com.ar\/index.php?rest_route=\/wp\/v2\/types\/post"}],"author":[{"embeddable":true,"href":"https:\/\/sectorprensa.com.ar\/index.php?rest_route=\/wp\/v2\/users\/1"}],"replies":[{"embeddable":true,"href":"https:\/\/sectorprensa.com.ar\/index.php?rest_route=%2Fwp%2Fv2%2Fcomments&post=35615"}],"version-history":[{"count":1,"href":"https:\/\/sectorprensa.com.ar\/index.php?rest_route=\/wp\/v2\/posts\/35615\/revisions"}],"predecessor-version":[{"id":35617,"href":"https:\/\/sectorprensa.com.ar\/index.php?rest_route=\/wp\/v2\/posts\/35615\/revisions\/35617"}],"wp:featuredmedia":[{"embeddable":true,"href":"https:\/\/sectorprensa.com.ar\/index.php?rest_route=\/wp\/v2\/media\/35616"}],"wp:attachment":[{"href":"https:\/\/sectorprensa.com.ar\/index.php?rest_route=%2Fwp%2Fv2%2Fmedia&parent=35615"}],"wp:term":[{"taxonomy":"category","embeddable":true,"href":"https:\/\/sectorprensa.com.ar\/index.php?rest_route=%2Fwp%2Fv2%2Fcategories&post=35615"},{"taxonomy":"post_tag","embeddable":true,"href":"https:\/\/sectorprensa.com.ar\/index.php?rest_route=%2Fwp%2Fv2%2Ftags&post=35615"}],"curies":[{"name":"wp","href":"https:\/\/api.w.org\/{rel}","templated":true}]}}