{"id":35786,"date":"2021-10-20T08:00:54","date_gmt":"2021-10-20T11:00:54","guid":{"rendered":"https:\/\/sectorprensa.com.ar\/?p=35786"},"modified":"2021-10-19T19:09:17","modified_gmt":"2021-10-19T22:09:17","slug":"valenzuela-y-larreta-presentaron-una-obra-que-conecta-ciudadela-con-capital","status":"publish","type":"post","link":"https:\/\/sectorprensa.com.ar\/?p=35786","title":{"rendered":"VALENZUELA Y LARRETA PRESENTARON UNA OBRA QUE CONECTA CIUDADELA CON CAPITAL"},"content":{"rendered":"<h6><strong>El intendente de Tres de Febrero y el jefe de Gobierno porte\u00f1o se reunieron en Ciudadela con vecinos e inauguraron la obra de conexi\u00f3n entre las dos jurisdicciones.<\/strong><\/h6>\n<p><!--more--><\/p>\n<p>La Municipalidad de Tres de Febrero y la Ciudad de Buenos Aires realizaron un nuevo encuentro metropolitano con vecinos para presentar la conexi\u00f3n entre ambas jurisdicciones. Diego Valenzuela, intendente del distrito ubicado al oeste del Conurbano, y Horacio Rodr\u00edguez Larreta, jefe de gobierno porte\u00f1o, recorrieron las obras, visitaron el centro comercial y debatieron proyectos para seguir mejorando la zona. Tambi\u00e9n particip\u00f3 Hern\u00e1n Lorenzo, actual presidente del bloque Juntos del Concejo Deliberante local y primer candidato a la concejal\u00eda de Tres de Febrero, y Clara Muzzio, ministra de Espacio P\u00fablico e Higiene.<\/p>\n<p>El \u00e1rea de trasbordo est\u00e1 ubicada Avenida Maip\u00fa y General Paz y es la uni\u00f3n de Ciudadela con Liniers. Los trabajos realizados contemplaron la instalaci\u00f3n de refugios de colectivos, la renovaci\u00f3n de todo el parque lum\u00ednico con LED (menos contaminantes y de mayor duraci\u00f3n), la creaci\u00f3n de rampas de accesibilidad y la demarcaci\u00f3n de cordones y cruces. Adem\u00e1s, se pintaron todos los muros con un dise\u00f1o propio para Ciudadela, que fue votado por los vecinos.<\/p>\n<p>\u201cEs una obra importante porque por este lugar pasa much\u00edsima gente. Ahora van a poder viajar mejor y m\u00e1s seguros\u201d, asegur\u00f3 Rodr\u00edguez Larreta. \u201cTrabajando juntos con Tres de Febrero avanzamos mucho\u201d, agreg\u00f3.<\/p>\n<p>\u201cLa General Paz no es un muro que nos divide, sino una oportunidad de continuar construyendo juntos\u201d, se\u00f1al\u00f3 por su parte Valenzuela. \u201cTenemos que estar cerca de los vecinos y seguir realizando obras que los beneficien\u201d, complet\u00f3.<\/p>\n<blockquote class=\"wp-embedded-content\" data-secret=\"VSR85Yr5Xg\"><p><a href=\"https:\/\/sectorprensa.com.ar\/valenzuela-recibio-a-bullrich-en-tres-de-febrero\/\">VALENZUELA RECIBI\u00d3 A BULLRICH EN TRES DE FEBRERO<\/a><\/p><\/blockquote>\n<p><iframe loading=\"lazy\" class=\"wp-embedded-content\" sandbox=\"allow-scripts\" security=\"restricted\" style=\"position: absolute; clip: rect(1px, 1px, 1px, 1px);\" title=\"&#8220;VALENZUELA RECIBI\u00d3 A BULLRICH EN TRES DE FEBRERO&#8221; &#8212; SECTOR PRENSA\" src=\"https:\/\/sectorprensa.com.ar\/valenzuela-recibio-a-bullrich-en-tres-de-febrero\/embed\/#?secret=VSR85Yr5Xg\" data-secret=\"VSR85Yr5Xg\" width=\"600\" height=\"338\" frameborder=\"0\" marginwidth=\"0\" marginheight=\"0\" scrolling=\"no\"><\/iframe><\/p>\n<p>No es la primera vez que los dirigentes trabajan en conjunto para renovar y mejorar la conexi\u00f3n entre CABA y Tres de Febrero: hace un tiempo presentaron el Centro Comercial Metropolitano Lope de Vega. Adem\u00e1s, constantemente intercambian experiencias de gesti\u00f3n y recorren obras con el objetivo de crear e implementar nuevas pol\u00edticas p\u00fablicas que beneficien a los ciudadanos y contribuyan la uni\u00f3n metropolitana.<\/p>\n","protected":false},"excerpt":{"rendered":"<p>El intendente de Tres de Febrero y el jefe de Gobierno porte\u00f1o se reunieron en Ciudadela con vecinos e inauguraron<\/p>\n","protected":false},"author":1,"featured_media":35787,"comment_status":"closed","ping_status":"open","sticky":false,"template":"","format":"standard","meta":{"colormag_page_container_layout":"default_layout","colormag_page_sidebar_layout":"default_layout","footnotes":""},"categories":[17,8,10],"tags":[4085,2204,189,4627,190],"class_list":["post-35786","post","type-post","status-publish","format-standard","has-post-thumbnail","hentry","category-destacadas","category-politica","category-sociedad","tag-capital-federal","tag-ciudadela","tag-diego-valenzuela","tag-horacio-rodriguez-larreta","tag-tres-de-febrero"],"_links":{"self":[{"href":"https:\/\/sectorprensa.com.ar\/index.php?rest_route=\/wp\/v2\/posts\/35786","targetHints":{"allow":["GET"]}}],"collection":[{"href":"https:\/\/sectorprensa.com.ar\/index.php?rest_route=\/wp\/v2\/posts"}],"about":[{"href":"https:\/\/sectorprensa.com.ar\/index.php?rest_route=\/wp\/v2\/types\/post"}],"author":[{"embeddable":true,"href":"https:\/\/sectorprensa.com.ar\/index.php?rest_route=\/wp\/v2\/users\/1"}],"replies":[{"embeddable":true,"href":"https:\/\/sectorprensa.com.ar\/index.php?rest_route=%2Fwp%2Fv2%2Fcomments&post=35786"}],"version-history":[{"count":1,"href":"https:\/\/sectorprensa.com.ar\/index.php?rest_route=\/wp\/v2\/posts\/35786\/revisions"}],"predecessor-version":[{"id":35788,"href":"https:\/\/sectorprensa.com.ar\/index.php?rest_route=\/wp\/v2\/posts\/35786\/revisions\/35788"}],"wp:featuredmedia":[{"embeddable":true,"href":"https:\/\/sectorprensa.com.ar\/index.php?rest_route=\/wp\/v2\/media\/35787"}],"wp:attachment":[{"href":"https:\/\/sectorprensa.com.ar\/index.php?rest_route=%2Fwp%2Fv2%2Fmedia&parent=35786"}],"wp:term":[{"taxonomy":"category","embeddable":true,"href":"https:\/\/sectorprensa.com.ar\/index.php?rest_route=%2Fwp%2Fv2%2Fcategories&post=35786"},{"taxonomy":"post_tag","embeddable":true,"href":"https:\/\/sectorprensa.com.ar\/index.php?rest_route=%2Fwp%2Fv2%2Ftags&post=35786"}],"curies":[{"name":"wp","href":"https:\/\/api.w.org\/{rel}","templated":true}]}}