{"id":35940,"date":"2021-10-25T15:06:39","date_gmt":"2021-10-25T18:06:39","guid":{"rendered":"https:\/\/sectorprensa.com.ar\/?p=35940"},"modified":"2021-10-25T15:06:39","modified_gmt":"2021-10-25T18:06:39","slug":"fernando-moreira-destaco-un-muy-alto-cumplimiento-de-los-precios-congelados","status":"publish","type":"post","link":"https:\/\/sectorprensa.com.ar\/?p=35940","title":{"rendered":"FERNANDO MOREIRA DESTAC\u00d3 UN \u201cMUY ALTO CUMPLIMIENTO\u201d DE LOS PRECIOS CONGELADOS"},"content":{"rendered":"<h6><strong>El intendente de San Mart\u00edn, tras recorrer las cadenas de supermercados del distrito valor\u00f3 el alto acatamiento del precio de los 1400 productos retrotra\u00eddos al valor del 1 de octubre.<\/strong><\/h6>\n<p><!--more--><\/p>\n<p>El gobierno nacional, mediante la Secretaria de Comercio Interior, dispuso congelar el precio de m\u00e1s de 1400 productos de la canasta b\u00e1sica hasta el 7 de enero retrotrayendo su valor al 1 de octubre.<\/p>\n<p>Por eso, este fin de semana, varios intendentes del conurbano bonaerense salieron de recorrida por los supermercados para controlar junto a los inspectores la aplicaci\u00f3n de la pol\u00edtica, uno de ellos fue Fernando Moreira, el alcalde de San Mart\u00edn.<\/p>\n<p>&nbsp;<\/p>\n<blockquote class=\"twitter-tweet\">\n<p dir=\"ltr\" lang=\"es\">Estamos recorriendo los supermercados de San Mart\u00edn, verificando que se cumplan los Precios Cuidados en 1.400 productos.<\/p>\n<p>Vemos el compromiso de los comercios, respetando una medida necesaria para cuidar el bolsillo de la gente de un proceso inflacionario que no le sirve a nadie. <a href=\"https:\/\/t.co\/mG7RHwz82J\">pic.twitter.com\/mG7RHwz82J<\/a><\/p>\n<p>\u2014 Fernando Moreira (@fmoreiraok) <a href=\"https:\/\/twitter.com\/fmoreiraok\/status\/1451964270795653120?ref_src=twsrc%5Etfw\">October 23, 2021<\/a><\/p><\/blockquote>\n<p><script async src=\"https:\/\/platform.twitter.com\/widgets.js\" charset=\"utf-8\"><\/script><\/p>\n<p>Sobre los controles que llevaron a cabo durante el fin de semana, Moreira explic\u00f3 en una entrevista difundida por Radio B\u00fanker (FM 94.9): \u201cLo hicimos con los inspectores del \u00e1rea de Defensa al Consumidor que hacen un trabajo permanente en este sentido. Nos encontramos con un muy alto cumplimiento, fuimos a las principales cadenas, estaban todos los productores que fuimos a ver con las muestras que nos enviaron desde provincia. Hubo errores menores de precios que fueron corregidos al momento\u201d, destac\u00f3 el jefe comunal de San Mart\u00edn.<\/p>\n<p>En el di\u00e1logo con el periodista Edgard Llanos, el intendente respondi\u00f3 sobre el objetivo de la pol\u00edtica de precios congelados y el \u201cfantasma\u201d del desabastecimiento que agita parte de la oposici\u00f3n: \u201cEl objetivo de esta pol\u00edtica es poder frenar el proceso inflacionario que est\u00e1 creciendo de manera il\u00f3gica en los \u00faltimos d\u00edas y por eso hab\u00eda que intervenir, hab\u00eda necesidad que los precios se frenaran. Entre todos tenemos que encontrar el mecanismo de que bajen los precios. Esto no resuelve el problema de la inflaci\u00f3n que es estructural y responde a otras causas, pero si es importante enfriar en este momento esa carrera inflacionaria, pero no parece que haya desabastecimiento salvo que haya otra intencionalidad\u201d, se\u00f1al\u00f3 Fernando Moreira.<\/p>\n<blockquote class=\"wp-embedded-content\" data-secret=\"ITej67aS7W\"><p><a href=\"https:\/\/sectorprensa.com.ar\/el-gobierno-nacional-retrotrajo-los-precios-al-1-de-octubre\/\">EL GOBIERNO NACIONAL RETROTRAJO LOS PRECIOS AL 1 DE OCTUBRE<\/a><\/p><\/blockquote>\n<p><iframe loading=\"lazy\" class=\"wp-embedded-content\" sandbox=\"allow-scripts\" security=\"restricted\" style=\"position: absolute; clip: rect(1px, 1px, 1px, 1px);\" title=\"&#8220;EL GOBIERNO NACIONAL RETROTRAJO LOS PRECIOS AL 1 DE OCTUBRE&#8221; &#8212; SECTOR PRENSA\" src=\"https:\/\/sectorprensa.com.ar\/el-gobierno-nacional-retrotrajo-los-precios-al-1-de-octubre\/embed\/#?secret=ITej67aS7W\" data-secret=\"ITej67aS7W\" width=\"600\" height=\"338\" frameborder=\"0\" marginwidth=\"0\" marginheight=\"0\" scrolling=\"no\"><\/iframe><\/p>\n","protected":false},"excerpt":{"rendered":"<p>El intendente de San Mart\u00edn, tras recorrer las cadenas de supermercados del distrito valor\u00f3 el alto acatamiento del precio de<\/p>\n","protected":false},"author":1,"featured_media":35941,"comment_status":"closed","ping_status":"open","sticky":false,"template":"","format":"standard","meta":{"colormag_page_container_layout":"default_layout","colormag_page_sidebar_layout":"default_layout","footnotes":""},"categories":[17,8,18],"tags":[5549,5540,3385],"class_list":["post-35940","post","type-post","status-publish","format-standard","has-post-thumbnail","hentry","category-destacadas","category-politica","category-provincia","tag-fernando-moreira","tag-precios-congelados","tag-san-martin"],"_links":{"self":[{"href":"https:\/\/sectorprensa.com.ar\/index.php?rest_route=\/wp\/v2\/posts\/35940","targetHints":{"allow":["GET"]}}],"collection":[{"href":"https:\/\/sectorprensa.com.ar\/index.php?rest_route=\/wp\/v2\/posts"}],"about":[{"href":"https:\/\/sectorprensa.com.ar\/index.php?rest_route=\/wp\/v2\/types\/post"}],"author":[{"embeddable":true,"href":"https:\/\/sectorprensa.com.ar\/index.php?rest_route=\/wp\/v2\/users\/1"}],"replies":[{"embeddable":true,"href":"https:\/\/sectorprensa.com.ar\/index.php?rest_route=%2Fwp%2Fv2%2Fcomments&post=35940"}],"version-history":[{"count":1,"href":"https:\/\/sectorprensa.com.ar\/index.php?rest_route=\/wp\/v2\/posts\/35940\/revisions"}],"predecessor-version":[{"id":35942,"href":"https:\/\/sectorprensa.com.ar\/index.php?rest_route=\/wp\/v2\/posts\/35940\/revisions\/35942"}],"wp:featuredmedia":[{"embeddable":true,"href":"https:\/\/sectorprensa.com.ar\/index.php?rest_route=\/wp\/v2\/media\/35941"}],"wp:attachment":[{"href":"https:\/\/sectorprensa.com.ar\/index.php?rest_route=%2Fwp%2Fv2%2Fmedia&parent=35940"}],"wp:term":[{"taxonomy":"category","embeddable":true,"href":"https:\/\/sectorprensa.com.ar\/index.php?rest_route=%2Fwp%2Fv2%2Fcategories&post=35940"},{"taxonomy":"post_tag","embeddable":true,"href":"https:\/\/sectorprensa.com.ar\/index.php?rest_route=%2Fwp%2Fv2%2Ftags&post=35940"}],"curies":[{"name":"wp","href":"https:\/\/api.w.org\/{rel}","templated":true}]}}