{"id":36114,"date":"2021-10-29T07:00:17","date_gmt":"2021-10-29T10:00:17","guid":{"rendered":"https:\/\/sectorprensa.com.ar\/?p=36114"},"modified":"2021-10-28T19:13:08","modified_gmt":"2021-10-28T22:13:08","slug":"se-entrego-el-hombre-que-ataco-al-veterinario-en-moron","status":"publish","type":"post","link":"https:\/\/sectorprensa.com.ar\/?p=36114","title":{"rendered":"SE ENTREG\u00d3 EL HOMBRE QUE ATAC\u00d3 AL VETERINARIO EN MOR\u00d3N"},"content":{"rendered":"<h6><strong>El sujeto, de 52 a\u00f1os, tendr\u00eda condenas por lesiones, robo, tenencia ilegal de arma de guerra y robo calificado.<\/strong><\/h6>\n<p><!--more--><\/p>\n<p>Este mi\u00e9rcoles se entreg\u00f3 ante la Polic\u00eda el individuo que la semana pasada agredi\u00f3 a un veterinario de Mor\u00f3n, luego de que su caniche muriera al llevarlo para que lo ba\u00f1en y lo peinen. El agresor hab\u00eda sido encarcelado, recuper\u00f3 la libertad, pero cuando se descubrieron antecedentes penales que pesaban en su contra, uno de ellos reciente, la Justicia volvi\u00f3 a ordenar su detenci\u00f3n.<\/p>\n<p>El atacante, de 52 a\u00f1os, se present\u00f3 durante horas de la noche en la comisar\u00eda 3\u00b0 de Castelar sur, acusado de lesiones graves contra el profesional, que por la golpiza debi\u00f3 ser trasladado de urgencia al hospital de Haedo.<\/p>\n<p>Tras el violento ataque, ocurrido el jueves 21 de octubre, el agresor hab\u00eda sido detenido, aunque r\u00e1pidamente la jueza a cargo de la investigaci\u00f3n le otorg\u00f3 la excarcelaci\u00f3n. Sin embargo, al revisar su historial, la ecuaci\u00f3n dio un giro de 180 grados.<\/p>\n<blockquote class=\"wp-embedded-content\" data-secret=\"iRsYFR3emm\"><p><a href=\"https:\/\/sectorprensa.com.ar\/moron-murio-su-perro-y-le-dio-una-golpiza-al-veterinario-hasta-dejarlo-inconsciente\/\">MOR\u00d3N: MURI\u00d3 SU PERRO Y LE DIO UNA GOLPIZA AL VETERINARIO HASTA DEJARLO INCONSCIENTE<\/a><\/p><\/blockquote>\n<p><iframe loading=\"lazy\" class=\"wp-embedded-content\" sandbox=\"allow-scripts\" security=\"restricted\" style=\"position: absolute; clip: rect(1px, 1px, 1px, 1px);\" title=\"&#8220;MOR\u00d3N: MURI\u00d3 SU PERRO Y LE DIO UNA GOLPIZA AL VETERINARIO HASTA DEJARLO INCONSCIENTE&#8221; &#8212; SECTOR PRENSA\" src=\"https:\/\/sectorprensa.com.ar\/moron-murio-su-perro-y-le-dio-una-golpiza-al-veterinario-hasta-dejarlo-inconsciente\/embed\/#?secret=iRsYFR3emm\" data-secret=\"iRsYFR3emm\" width=\"600\" height=\"338\" frameborder=\"0\" marginwidth=\"0\" marginheight=\"0\" scrolling=\"no\"><\/iframe><\/p>\n<p>Es que el acusado, entre sus causas, tendr\u00eda condenas por lesiones, robo, tenencia ilegal de arma de guerra y robo calificado. Adem\u00e1s, en su prontuario se destaca que permaneci\u00f3 18 a\u00f1os en prisi\u00f3n en CABA y la \u00faltima condena fue de ocho a\u00f1os y diez meses que la cumpli\u00f3 en 2019.<\/p>\n","protected":false},"excerpt":{"rendered":"<p>El sujeto, de 52 a\u00f1os, tendr\u00eda condenas por lesiones, robo, tenencia ilegal de arma de guerra y robo calificado.<\/p>\n","protected":false},"author":1,"featured_media":36116,"comment_status":"closed","ping_status":"open","sticky":false,"template":"","format":"standard","meta":{"colormag_page_container_layout":"default_layout","colormag_page_sidebar_layout":"default_layout","footnotes":""},"categories":[17,5,12],"tags":[570,2800,5301],"class_list":["post-36114","post","type-post","status-publish","format-standard","has-post-thumbnail","hentry","category-destacadas","category-moron","category-policiales","tag-detenido","tag-golpiza","tag-veterinario"],"_links":{"self":[{"href":"https:\/\/sectorprensa.com.ar\/index.php?rest_route=\/wp\/v2\/posts\/36114","targetHints":{"allow":["GET"]}}],"collection":[{"href":"https:\/\/sectorprensa.com.ar\/index.php?rest_route=\/wp\/v2\/posts"}],"about":[{"href":"https:\/\/sectorprensa.com.ar\/index.php?rest_route=\/wp\/v2\/types\/post"}],"author":[{"embeddable":true,"href":"https:\/\/sectorprensa.com.ar\/index.php?rest_route=\/wp\/v2\/users\/1"}],"replies":[{"embeddable":true,"href":"https:\/\/sectorprensa.com.ar\/index.php?rest_route=%2Fwp%2Fv2%2Fcomments&post=36114"}],"version-history":[{"count":1,"href":"https:\/\/sectorprensa.com.ar\/index.php?rest_route=\/wp\/v2\/posts\/36114\/revisions"}],"predecessor-version":[{"id":36117,"href":"https:\/\/sectorprensa.com.ar\/index.php?rest_route=\/wp\/v2\/posts\/36114\/revisions\/36117"}],"wp:featuredmedia":[{"embeddable":true,"href":"https:\/\/sectorprensa.com.ar\/index.php?rest_route=\/wp\/v2\/media\/36116"}],"wp:attachment":[{"href":"https:\/\/sectorprensa.com.ar\/index.php?rest_route=%2Fwp%2Fv2%2Fmedia&parent=36114"}],"wp:term":[{"taxonomy":"category","embeddable":true,"href":"https:\/\/sectorprensa.com.ar\/index.php?rest_route=%2Fwp%2Fv2%2Fcategories&post=36114"},{"taxonomy":"post_tag","embeddable":true,"href":"https:\/\/sectorprensa.com.ar\/index.php?rest_route=%2Fwp%2Fv2%2Ftags&post=36114"}],"curies":[{"name":"wp","href":"https:\/\/api.w.org\/{rel}","templated":true}]}}