{"id":36225,"date":"2021-11-01T08:00:39","date_gmt":"2021-11-01T11:00:39","guid":{"rendered":"https:\/\/sectorprensa.com.ar\/?p=36225"},"modified":"2021-11-06T14:25:17","modified_gmt":"2021-11-06T17:25:17","slug":"rodriguez-se-construiran-nuevos-edificios-escolares-en-tres-barrios","status":"publish","type":"post","link":"https:\/\/sectorprensa.com.ar\/?p=36225","title":{"rendered":"RODR\u00cdGUEZ: SE CONSTRUIR\u00c1N NUEVOS EDIFICIOS ESCOLARES EN TRES BARRIOS"},"content":{"rendered":"<h6><strong>Se est\u00e1n tramitando las licitaciones para la construcci\u00f3n de nuevos edificios escolares en Maravilla del Oeste, Parque Joly y Los Naranjitos.<\/strong><\/h6>\n<p><!--more--><\/p>\n<p>La Municipalidad de General Rodr\u00edguez, a trav\u00e9s de la Direcci\u00f3n de Educaci\u00f3n, inform\u00f3 en los \u00faltimos d\u00edas que se est\u00e1n tramitando las licitaciones para la construcci\u00f3n de nuevos edificios escolares en los barrios Maravilla del Oeste, Parque Joly y Los Naranjitos.<\/p>\n<p>El primer proyecto corresponde a la obra de una Escuela Secundaria y una Escuela Primaria, a ubicarse en las calles Los \u00c1lamos entre Neuqu\u00e9n y Las Violetas. Ambas edificaciones contar\u00e1n seis aulas, sal\u00f3n de usos m\u00faltiples (SUM), laboratorio, biblioteca, dependencias como laboratorio y biblioteca y oficinas administrativas.<\/p>\n<p>El segundo, en tanto, se trata de la construcci\u00f3n de un nuevo edificio propio para la Escuela Primaria N\u00ba 24, que actualmente comparte sede con la Escuela Secundaria N\u00ba 11, tambi\u00e9n de Parque Joly.<\/p>\n<p>En este marco, el intendente Mauro Garc\u00eda se reuni\u00f3 a inicios de octubre con la comunidad educativa de la Escuela Primaria para anunciar la pr\u00f3xima licitaci\u00f3n para el edificio de la instituci\u00f3n.<\/p>\n<p>La misma estar\u00e1 emplazada en el terreno ubicado enfrente, sobre Fort\u00edn Necochea entre Fort\u00edn Tiburcio y Fort\u00edn Uno, y contar\u00e1 con 12 aulas en dos plantas m\u00e1s todas las dependencias necesarias: laboratorio, biblioteca, administraci\u00f3n.<\/p>\n<blockquote class=\"wp-embedded-content\" data-secret=\"8Nf2IHb35G\"><p><a href=\"https:\/\/sectorprensa.com.ar\/rodriguez-rechazo-total-a-la-instalacion-de-una-carcel\/\">RODR\u00cdGUEZ: RECHAZO TOTAL A LA INSTALACI\u00d3N DE UNA C\u00c1RCEL<\/a><\/p><\/blockquote>\n<p><iframe loading=\"lazy\" class=\"wp-embedded-content\" sandbox=\"allow-scripts\" security=\"restricted\" style=\"position: absolute; clip: rect(1px, 1px, 1px, 1px);\" title=\"&#8220;RODR\u00cdGUEZ: RECHAZO TOTAL A LA INSTALACI\u00d3N DE UNA C\u00c1RCEL&#8221; &#8212; SECTOR PRENSA\" src=\"https:\/\/sectorprensa.com.ar\/rodriguez-rechazo-total-a-la-instalacion-de-una-carcel\/embed\/#?secret=8Nf2IHb35G\" data-secret=\"8Nf2IHb35G\" width=\"600\" height=\"338\" frameborder=\"0\" marginwidth=\"0\" marginheight=\"0\" scrolling=\"no\"><\/iframe><\/p>\n<p>Por \u00faltimo, el intendente Mauro Garc\u00eda inform\u00f3 que se est\u00e1 tramitando la licitaci\u00f3n para un colegio en Los Naranjitos. Ser\u00e1 una Primaria ubicada en las calles Misiones y Neuqu\u00e9n.<\/p>\n","protected":false},"excerpt":{"rendered":"<p>Se est\u00e1n tramitando las licitaciones para la construcci\u00f3n de nuevos edificios escolares en Maravilla del Oeste, Parque Joly y Los<\/p>\n","protected":false},"author":1,"featured_media":36227,"comment_status":"closed","ping_status":"open","sticky":false,"template":"","format":"standard","meta":{"colormag_page_container_layout":"default_layout","colormag_page_sidebar_layout":"default_layout","footnotes":""},"categories":[17,4396,8,10],"tags":[208,3425],"class_list":["post-36225","post","type-post","status-publish","format-standard","has-post-thumbnail","hentry","category-destacadas","category-gral-rodriguez","category-politica","category-sociedad","tag-escuelas","tag-mauro-garcia"],"_links":{"self":[{"href":"https:\/\/sectorprensa.com.ar\/index.php?rest_route=\/wp\/v2\/posts\/36225","targetHints":{"allow":["GET"]}}],"collection":[{"href":"https:\/\/sectorprensa.com.ar\/index.php?rest_route=\/wp\/v2\/posts"}],"about":[{"href":"https:\/\/sectorprensa.com.ar\/index.php?rest_route=\/wp\/v2\/types\/post"}],"author":[{"embeddable":true,"href":"https:\/\/sectorprensa.com.ar\/index.php?rest_route=\/wp\/v2\/users\/1"}],"replies":[{"embeddable":true,"href":"https:\/\/sectorprensa.com.ar\/index.php?rest_route=%2Fwp%2Fv2%2Fcomments&post=36225"}],"version-history":[{"count":2,"href":"https:\/\/sectorprensa.com.ar\/index.php?rest_route=\/wp\/v2\/posts\/36225\/revisions"}],"predecessor-version":[{"id":36229,"href":"https:\/\/sectorprensa.com.ar\/index.php?rest_route=\/wp\/v2\/posts\/36225\/revisions\/36229"}],"wp:featuredmedia":[{"embeddable":true,"href":"https:\/\/sectorprensa.com.ar\/index.php?rest_route=\/wp\/v2\/media\/36227"}],"wp:attachment":[{"href":"https:\/\/sectorprensa.com.ar\/index.php?rest_route=%2Fwp%2Fv2%2Fmedia&parent=36225"}],"wp:term":[{"taxonomy":"category","embeddable":true,"href":"https:\/\/sectorprensa.com.ar\/index.php?rest_route=%2Fwp%2Fv2%2Fcategories&post=36225"},{"taxonomy":"post_tag","embeddable":true,"href":"https:\/\/sectorprensa.com.ar\/index.php?rest_route=%2Fwp%2Fv2%2Ftags&post=36225"}],"curies":[{"name":"wp","href":"https:\/\/api.w.org\/{rel}","templated":true}]}}